{"id":4876,"date":"2023-03-01T11:53:51","date_gmt":"2023-03-01T10:53:51","guid":{"rendered":"http:\/\/www.capenergie.fr\/catalogue\/?p=4876"},"modified":"2023-03-01T11:59:18","modified_gmt":"2023-03-01T10:59:18","slug":"recapitulatif-tarif-de-revente-electricite-photovoltaique-1er-trimestre-2023","status":"publish","type":"post","link":"https:\/\/www.capenergie.fr\/catalogue\/actualite\/recapitulatif-tarif-de-revente-electricite-photovoltaique-1er-trimestre-2023.html","title":{"rendered":"R\u00e9capitulatif tarif de revente \u00e9lectricit\u00e9 photovolta\u00efque 1er trimestre 2023"},"content":{"rendered":"<p><img decoding=\"async\" src=\"http:\/\/www.capenergie.fr\/catalogue\/wp-content\/uploads\/2020\/11\/img-big1.jpg\" alt=\"tarif de revente \u00e9lectricit\u00e9 photovolta\u00efque 1er trimestre 2023\" width=\"100%\" class=\"aligncenter size-full wp-image-4413\" srcset=\"https:\/\/www.capenergie.fr\/catalogue\/wp-content\/uploads\/2020\/11\/img-big1.jpg 680w, https:\/\/www.capenergie.fr\/catalogue\/wp-content\/uploads\/2020\/11\/img-big1-300x223.jpg 300w\" sizes=\"(max-width: 680px) 100vw, 680px\" \/><\/p>\n<h2>Les tarifs, les primes autoconsommation&#8230;1er trimestre 2023.<\/h2>\n<p>L&rsquo;\u00e9volution de de la prime au d\u00e9veloppement de  l\u2019<a href=\"\/catalogue\/photovoltaique\/autoconsommation-photovoltaique.html\" title=\"autoconsommation photovolta\u00efque\">autoconsommation photovolta\u00efque<\/a> et des tarifs de vente pour l&rsquo;\u00e9lectricit\u00e9 photovolta\u00efque, valables \u00e0 compter du 1er f\u00e9vrier 2023, est publi\u00e9 depuis le 28 f\u00e9vrier 2023. Elle \u00e9tait tr\u00e8s attendue par tous les professionnels du solaire qui constateront une hausse du tarif de vente de \u00e9lectricit\u00e9 photovolta\u00efque sur l&rsquo;int\u00e9gration au b\u00e2ti et l&rsquo;int\u00e9gration simplifi\u00e9e au b\u00e2ti par rapport au dernier trimestre 2022. Une hausse \u00e9galement du tarif de vente de \u00e9lectricit\u00e9 photovolta\u00efque sur les syst\u00e8mes non int\u00e9gr\u00e9s au b\u00e2ti de moins de 100 kWc et de moins de 500 kWc. Cel\u00e0 dit, nous constatons \u00e9galement une l\u00e9g\u00e8re hausse de la prime au d\u00e9veloppement de  l\u2019autoconsommation photovolta\u00efque par rapport au trimestre pr\u00e9c\u00e9dent.<\/p>\n<p>    La d\u00e9gressivit\u00e9 de la <a href=\"http:\/\/www.capenergie.fr\/catalogue\/actualite\/prime-autoconsommation.html\">prime autoconsommation<\/a> avec vente du surplus de production : <\/p>\n<p><b>Prime de 500 \u20ac\/kWc<\/b> pour un syst\u00e8me inf\u00e9rieur ou \u00e9gale \u00e0 3kWc<br \/>\n    <b>Prime de 370 \u20ac\/kWc<\/b> pour un syst\u00e8me entre 3 et 9 kWc<br \/>\n    <b>Prime de 210 \u20ac\/kWc<\/b> pour un syst\u00e8me entre 9 et 36 kWc<br \/>\n  <b>Prime de 110 \u20ac\/kWc<\/b> pour un syst\u00e8me entre 36 et 100 kWc<\/p>\n<p>  <em>Exemple : pour une installation de 3000Wc (3.0kWc) une prime de 1500 \u20ac sera propos\u00e9e  au propri\u00e9taire du syst\u00e8me autoconsommation photovolta\u00efque en vendant le surplus \u00e0 10 centimes d\u2019\u20acuro le kWh.<br \/>\n  Cet avantage est vers\u00e9 \u00e0 hauteur de 1\/5e\u00a0par an sur une dur\u00e9e de 5 ans par l\u2019acheteur.<\/em><\/p>\n<h2>Tarif de vente du surplus de production du syst\u00e8me autoconsommation 1er trimestre 2023<\/h2>\n<p>10c\u20ac\/kWh pour les installations sur b\u00e2timent \u22643 kWc <br \/>\n    10c\u20ac\/kWh pour les installations sur b\u00e2timent \u22649 kWc <br \/>\n    6c\u20ac\/kWh pour les installations sur b\u00e2timent \u226436 kWc <br \/>\n  6c\u20ac\/kWh pour les installations sur b\u00e2timent \u2264100 kWc<\/p>\n<h2>Tarif de vente en raccord\u00e9 r\u00e9seau 1er trimestre 2023<\/h2>\n<p><b>23,49c\u20ac\/kWh<\/b> pour les installations sur b\u00e2timent \u22643 kWc <br \/>\n  <b>19,96c\u20ac\/kWh<\/b> pour les installations sur b\u00e2timent \u22649 kWc <br \/>\n  <b>14,30c\u20ac\/kWh<\/b> pour les installations sur b\u00e2timent \u226436 kWc <br \/>\n<b>12,43c\u20ac\/kWh<\/b> pour les installations sur b\u00e2timent \u2264100 kWc<\/p>\n<p>Pour rappel, la prime d\u2019int\u00e9gration au b\u00e2ti est totalement suprim\u00e9e depuis le 30 septembre 2018.<\/p>\n<h2>Qualification professionnelle<\/h2>\n<p>Les professionnels installateurs devront pr\u00e9senter une certification ou une qualification professionnelle \u00e0 compter du 1er octobre 2017  pour les systems inf\u00e9rieur ou \u00e9gal \u00e0 9 kWc. <br \/>\n  Pour les installations d\u00e9passant les 9 kWc il sera n\u00e9cessaire de pr\u00e9senter une certification ou une qualification professionnelle \u00e0 partir du 1er janvier 2018 .<\/p>\n<p>(Sources : <a href=\"https:\/\/www.les-energies-renouvelables.eu\" target=\"_blank\" rel=\"noopener noreferrer\">les-energies-renouvelables.eu<\/a>)<\/p>\n","protected":false},"excerpt":{"rendered":"<p>Les tarifs, les primes autoconsommation&#8230;1er trimestre 2023. L&rsquo;\u00e9volution de de la prime au d\u00e9veloppement de l\u2019autoconsommation photovolta\u00efque et des tarifs de vente pour l&rsquo;\u00e9lectricit\u00e9 photovolta\u00efque, valables \u00e0 compter du 1er f\u00e9vrier 2023, est publi\u00e9 depuis le 28 f\u00e9vrier 2023. Elle \u00e9tait tr\u00e8s attendue par tous les professionnels du solaire qui constateront une hausse du tarif&hellip;&nbsp;<a href=\"https:\/\/www.capenergie.fr\/catalogue\/actualite\/recapitulatif-tarif-de-revente-electricite-photovoltaique-1er-trimestre-2023.html\" rel=\"bookmark\"><span class=\"screen-reader-text\">R\u00e9capitulatif tarif de revente \u00e9lectricit\u00e9 photovolta\u00efque 1er trimestre 2023<\/span><\/a><\/p>\n","protected":false},"author":1,"featured_media":0,"comment_status":"closed","ping_status":"closed","sticky":false,"template":"","format":"standard","meta":{"neve_meta_sidebar":"","neve_meta_container":"","neve_meta_enable_content_width":"","neve_meta_content_width":0,"neve_meta_title_alignment":"","neve_meta_author_avatar":"","neve_post_elements_order":"","neve_meta_disable_header":"","neve_meta_disable_footer":"","neve_meta_disable_title":"","ngg_post_thumbnail":0,"_themeisle_gutenberg_block_has_review":false,"footnotes":""},"categories":[7],"tags":[],"class_list":["post-4876","post","type-post","status-publish","format-standard","hentry","category-actualite"],"yoast_head":"<!-- This site is optimized with the Yoast SEO plugin v27.5 - https:\/\/yoast.com\/product\/yoast-seo-wordpress\/ -->\n<title>R\u00e9capitulatif tarif de revente \u00e9lectricit\u00e9 photovolta\u00efque 1er trimestre 2023 -<\/title>\n<meta name=\"description\" content=\"L&#039;\u00e9volution de de la prime au d\u00e9veloppement de l\u2019autoconsommation photovolta\u00efque et des tarifs de vente pour l&#039;\u00e9lectricit\u00e9 photovolta\u00efque, valables \u00e0 compter du 1er f\u00e9vrier 2023, est publi\u00e9 depuis le 28 f\u00e9vrier 2023.\" \/>\n<meta name=\"robots\" content=\"index, follow, max-snippet:-1, max-image-preview:large, max-video-preview:-1\" \/>\n<link rel=\"canonical\" href=\"http:\/\/www.capenergie.fr\/catalogue\/actualite\/recapitulatif-tarif-de-revente-electricite-photovoltaique-1er-trimestre-2023.html\" \/>\n<meta property=\"og:locale\" content=\"fr_FR\" \/>\n<meta property=\"og:type\" content=\"article\" \/>\n<meta property=\"og:title\" content=\"R\u00e9capitulatif tarif de revente \u00e9lectricit\u00e9 photovolta\u00efque 1er trimestre 2023 -\" \/>\n<meta property=\"og:description\" content=\"L&#039;\u00e9volution de de la prime au d\u00e9veloppement de l\u2019autoconsommation photovolta\u00efque et des tarifs de vente pour l&#039;\u00e9lectricit\u00e9 photovolta\u00efque, valables \u00e0 compter du 1er f\u00e9vrier 2023, est publi\u00e9 depuis le 28 f\u00e9vrier 2023.\" \/>\n<meta property=\"og:url\" content=\"http:\/\/www.capenergie.fr\/catalogue\/actualite\/recapitulatif-tarif-de-revente-electricite-photovoltaique-1er-trimestre-2023.html\" \/>\n<meta property=\"article:published_time\" content=\"2023-03-01T10:53:51+00:00\" \/>\n<meta property=\"article:modified_time\" content=\"2023-03-01T10:59:18+00:00\" \/>\n<meta property=\"og:image\" content=\"http:\/\/www.capenergie.fr\/catalogue\/wp-content\/uploads\/2020\/11\/img-big1.jpg\" \/>\n<meta name=\"author\" content=\"CapEnergie\" \/>\n<meta name=\"twitter:label1\" content=\"\u00c9crit par\" \/>\n\t<meta name=\"twitter:data1\" content=\"CapEnergie\" \/>\n\t<meta name=\"twitter:label2\" content=\"Dur\u00e9e de lecture estim\u00e9e\" \/>\n\t<meta name=\"twitter:data2\" content=\"3 minutes\" \/>\n<script type=\"application\/ld+json\" class=\"yoast-schema-graph\">{\"@context\":\"https:\\\/\\\/schema.org\",\"@graph\":[{\"@type\":\"Article\",\"@id\":\"http:\\\/\\\/www.capenergie.fr\\\/catalogue\\\/actualite\\\/recapitulatif-tarif-de-revente-electricite-photovoltaique-1er-trimestre-2023.html#article\",\"isPartOf\":{\"@id\":\"http:\\\/\\\/www.capenergie.fr\\\/catalogue\\\/actualite\\\/recapitulatif-tarif-de-revente-electricite-photovoltaique-1er-trimestre-2023.html\"},\"author\":{\"name\":\"CapEnergie\",\"@id\":\"https:\\\/\\\/www.capenergie.fr\\\/catalogue\\\/#\\\/schema\\\/person\\\/c1e5dc0736e73e21ed6f5c42e9165758\"},\"headline\":\"R\u00e9capitulatif tarif de revente \u00e9lectricit\u00e9 photovolta\u00efque 1er trimestre 2023\",\"datePublished\":\"2023-03-01T10:53:51+00:00\",\"dateModified\":\"2023-03-01T10:59:18+00:00\",\"mainEntityOfPage\":{\"@id\":\"http:\\\/\\\/www.capenergie.fr\\\/catalogue\\\/actualite\\\/recapitulatif-tarif-de-revente-electricite-photovoltaique-1er-trimestre-2023.html\"},\"wordCount\":424,\"image\":{\"@id\":\"http:\\\/\\\/www.capenergie.fr\\\/catalogue\\\/actualite\\\/recapitulatif-tarif-de-revente-electricite-photovoltaique-1er-trimestre-2023.html#primaryimage\"},\"thumbnailUrl\":\"http:\\\/\\\/www.capenergie.fr\\\/catalogue\\\/wp-content\\\/uploads\\\/2020\\\/11\\\/img-big1.jpg\",\"articleSection\":[\"Actualit\u00e9\"],\"inLanguage\":\"fr-FR\"},{\"@type\":\"WebPage\",\"@id\":\"http:\\\/\\\/www.capenergie.fr\\\/catalogue\\\/actualite\\\/recapitulatif-tarif-de-revente-electricite-photovoltaique-1er-trimestre-2023.html\",\"url\":\"http:\\\/\\\/www.capenergie.fr\\\/catalogue\\\/actualite\\\/recapitulatif-tarif-de-revente-electricite-photovoltaique-1er-trimestre-2023.html\",\"name\":\"R\u00e9capitulatif tarif de revente \u00e9lectricit\u00e9 photovolta\u00efque 1er trimestre 2023 -\",\"isPartOf\":{\"@id\":\"https:\\\/\\\/www.capenergie.fr\\\/catalogue\\\/#website\"},\"primaryImageOfPage\":{\"@id\":\"http:\\\/\\\/www.capenergie.fr\\\/catalogue\\\/actualite\\\/recapitulatif-tarif-de-revente-electricite-photovoltaique-1er-trimestre-2023.html#primaryimage\"},\"image\":{\"@id\":\"http:\\\/\\\/www.capenergie.fr\\\/catalogue\\\/actualite\\\/recapitulatif-tarif-de-revente-electricite-photovoltaique-1er-trimestre-2023.html#primaryimage\"},\"thumbnailUrl\":\"http:\\\/\\\/www.capenergie.fr\\\/catalogue\\\/wp-content\\\/uploads\\\/2020\\\/11\\\/img-big1.jpg\",\"datePublished\":\"2023-03-01T10:53:51+00:00\",\"dateModified\":\"2023-03-01T10:59:18+00:00\",\"author\":{\"@id\":\"https:\\\/\\\/www.capenergie.fr\\\/catalogue\\\/#\\\/schema\\\/person\\\/c1e5dc0736e73e21ed6f5c42e9165758\"},\"description\":\"L'\u00e9volution de de la prime au d\u00e9veloppement de l\u2019autoconsommation photovolta\u00efque et des tarifs de vente pour l'\u00e9lectricit\u00e9 photovolta\u00efque, valables \u00e0 compter du 1er f\u00e9vrier 2023, est publi\u00e9 depuis le 28 f\u00e9vrier 2023.\",\"breadcrumb\":{\"@id\":\"http:\\\/\\\/www.capenergie.fr\\\/catalogue\\\/actualite\\\/recapitulatif-tarif-de-revente-electricite-photovoltaique-1er-trimestre-2023.html#breadcrumb\"},\"inLanguage\":\"fr-FR\",\"potentialAction\":[{\"@type\":\"ReadAction\",\"target\":[\"http:\\\/\\\/www.capenergie.fr\\\/catalogue\\\/actualite\\\/recapitulatif-tarif-de-revente-electricite-photovoltaique-1er-trimestre-2023.html\"]}]},{\"@type\":\"ImageObject\",\"inLanguage\":\"fr-FR\",\"@id\":\"http:\\\/\\\/www.capenergie.fr\\\/catalogue\\\/actualite\\\/recapitulatif-tarif-de-revente-electricite-photovoltaique-1er-trimestre-2023.html#primaryimage\",\"url\":\"https:\\\/\\\/www.capenergie.fr\\\/catalogue\\\/wp-content\\\/uploads\\\/2020\\\/11\\\/img-big1.jpg\",\"contentUrl\":\"https:\\\/\\\/www.capenergie.fr\\\/catalogue\\\/wp-content\\\/uploads\\\/2020\\\/11\\\/img-big1.jpg\",\"width\":680,\"height\":505},{\"@type\":\"BreadcrumbList\",\"@id\":\"http:\\\/\\\/www.capenergie.fr\\\/catalogue\\\/actualite\\\/recapitulatif-tarif-de-revente-electricite-photovoltaique-1er-trimestre-2023.html#breadcrumb\",\"itemListElement\":[{\"@type\":\"ListItem\",\"position\":1,\"name\":\"Accueil\",\"item\":\"http:\\\/\\\/www.capenergie.fr\\\/catalogue\\\/\"},{\"@type\":\"ListItem\",\"position\":2,\"name\":\"R\u00e9capitulatif tarif de revente \u00e9lectricit\u00e9 photovolta\u00efque 1er trimestre 2023\"}]},{\"@type\":\"WebSite\",\"@id\":\"https:\\\/\\\/www.capenergie.fr\\\/catalogue\\\/#website\",\"url\":\"https:\\\/\\\/www.capenergie.fr\\\/catalogue\\\/\",\"name\":\"\",\"description\":\"\",\"potentialAction\":[{\"@type\":\"SearchAction\",\"target\":{\"@type\":\"EntryPoint\",\"urlTemplate\":\"https:\\\/\\\/www.capenergie.fr\\\/catalogue\\\/?s={search_term_string}\"},\"query-input\":{\"@type\":\"PropertyValueSpecification\",\"valueRequired\":true,\"valueName\":\"search_term_string\"}}],\"inLanguage\":\"fr-FR\"},{\"@type\":\"Person\",\"@id\":\"https:\\\/\\\/www.capenergie.fr\\\/catalogue\\\/#\\\/schema\\\/person\\\/c1e5dc0736e73e21ed6f5c42e9165758\",\"name\":\"CapEnergie\",\"image\":{\"@type\":\"ImageObject\",\"inLanguage\":\"fr-FR\",\"@id\":\"https:\\\/\\\/secure.gravatar.com\\\/avatar\\\/e86900fa3e6cfefb8da4bccb0bee500373948df131308c7f77d2a0a51098df2b?s=96&d=mm&r=g\",\"url\":\"https:\\\/\\\/secure.gravatar.com\\\/avatar\\\/e86900fa3e6cfefb8da4bccb0bee500373948df131308c7f77d2a0a51098df2b?s=96&d=mm&r=g\",\"contentUrl\":\"https:\\\/\\\/secure.gravatar.com\\\/avatar\\\/e86900fa3e6cfefb8da4bccb0bee500373948df131308c7f77d2a0a51098df2b?s=96&d=mm&r=g\",\"caption\":\"CapEnergie\"}}]}<\/script>\n<!-- \/ Yoast SEO plugin. -->","yoast_head_json":{"title":"R\u00e9capitulatif tarif de revente \u00e9lectricit\u00e9 photovolta\u00efque 1er trimestre 2023 -","description":"L'\u00e9volution de de la prime au d\u00e9veloppement de l\u2019autoconsommation photovolta\u00efque et des tarifs de vente pour l'\u00e9lectricit\u00e9 photovolta\u00efque, valables \u00e0 compter du 1er f\u00e9vrier 2023, est publi\u00e9 depuis le 28 f\u00e9vrier 2023.","robots":{"index":"index","follow":"follow","max-snippet":"max-snippet:-1","max-image-preview":"max-image-preview:large","max-video-preview":"max-video-preview:-1"},"canonical":"http:\/\/www.capenergie.fr\/catalogue\/actualite\/recapitulatif-tarif-de-revente-electricite-photovoltaique-1er-trimestre-2023.html","og_locale":"fr_FR","og_type":"article","og_title":"R\u00e9capitulatif tarif de revente \u00e9lectricit\u00e9 photovolta\u00efque 1er trimestre 2023 -","og_description":"L'\u00e9volution de de la prime au d\u00e9veloppement de l\u2019autoconsommation photovolta\u00efque et des tarifs de vente pour l'\u00e9lectricit\u00e9 photovolta\u00efque, valables \u00e0 compter du 1er f\u00e9vrier 2023, est publi\u00e9 depuis le 28 f\u00e9vrier 2023.","og_url":"http:\/\/www.capenergie.fr\/catalogue\/actualite\/recapitulatif-tarif-de-revente-electricite-photovoltaique-1er-trimestre-2023.html","article_published_time":"2023-03-01T10:53:51+00:00","article_modified_time":"2023-03-01T10:59:18+00:00","og_image":[{"url":"http:\/\/www.capenergie.fr\/catalogue\/wp-content\/uploads\/2020\/11\/img-big1.jpg","type":"","width":"","height":""}],"author":"CapEnergie","twitter_misc":{"\u00c9crit par":"CapEnergie","Dur\u00e9e de lecture estim\u00e9e":"3 minutes"},"schema":{"@context":"https:\/\/schema.org","@graph":[{"@type":"Article","@id":"http:\/\/www.capenergie.fr\/catalogue\/actualite\/recapitulatif-tarif-de-revente-electricite-photovoltaique-1er-trimestre-2023.html#article","isPartOf":{"@id":"http:\/\/www.capenergie.fr\/catalogue\/actualite\/recapitulatif-tarif-de-revente-electricite-photovoltaique-1er-trimestre-2023.html"},"author":{"name":"CapEnergie","@id":"https:\/\/www.capenergie.fr\/catalogue\/#\/schema\/person\/c1e5dc0736e73e21ed6f5c42e9165758"},"headline":"R\u00e9capitulatif tarif de revente \u00e9lectricit\u00e9 photovolta\u00efque 1er trimestre 2023","datePublished":"2023-03-01T10:53:51+00:00","dateModified":"2023-03-01T10:59:18+00:00","mainEntityOfPage":{"@id":"http:\/\/www.capenergie.fr\/catalogue\/actualite\/recapitulatif-tarif-de-revente-electricite-photovoltaique-1er-trimestre-2023.html"},"wordCount":424,"image":{"@id":"http:\/\/www.capenergie.fr\/catalogue\/actualite\/recapitulatif-tarif-de-revente-electricite-photovoltaique-1er-trimestre-2023.html#primaryimage"},"thumbnailUrl":"http:\/\/www.capenergie.fr\/catalogue\/wp-content\/uploads\/2020\/11\/img-big1.jpg","articleSection":["Actualit\u00e9"],"inLanguage":"fr-FR"},{"@type":"WebPage","@id":"http:\/\/www.capenergie.fr\/catalogue\/actualite\/recapitulatif-tarif-de-revente-electricite-photovoltaique-1er-trimestre-2023.html","url":"http:\/\/www.capenergie.fr\/catalogue\/actualite\/recapitulatif-tarif-de-revente-electricite-photovoltaique-1er-trimestre-2023.html","name":"R\u00e9capitulatif tarif de revente \u00e9lectricit\u00e9 photovolta\u00efque 1er trimestre 2023 -","isPartOf":{"@id":"https:\/\/www.capenergie.fr\/catalogue\/#website"},"primaryImageOfPage":{"@id":"http:\/\/www.capenergie.fr\/catalogue\/actualite\/recapitulatif-tarif-de-revente-electricite-photovoltaique-1er-trimestre-2023.html#primaryimage"},"image":{"@id":"http:\/\/www.capenergie.fr\/catalogue\/actualite\/recapitulatif-tarif-de-revente-electricite-photovoltaique-1er-trimestre-2023.html#primaryimage"},"thumbnailUrl":"http:\/\/www.capenergie.fr\/catalogue\/wp-content\/uploads\/2020\/11\/img-big1.jpg","datePublished":"2023-03-01T10:53:51+00:00","dateModified":"2023-03-01T10:59:18+00:00","author":{"@id":"https:\/\/www.capenergie.fr\/catalogue\/#\/schema\/person\/c1e5dc0736e73e21ed6f5c42e9165758"},"description":"L'\u00e9volution de de la prime au d\u00e9veloppement de l\u2019autoconsommation photovolta\u00efque et des tarifs de vente pour l'\u00e9lectricit\u00e9 photovolta\u00efque, valables \u00e0 compter du 1er f\u00e9vrier 2023, est publi\u00e9 depuis le 28 f\u00e9vrier 2023.","breadcrumb":{"@id":"http:\/\/www.capenergie.fr\/catalogue\/actualite\/recapitulatif-tarif-de-revente-electricite-photovoltaique-1er-trimestre-2023.html#breadcrumb"},"inLanguage":"fr-FR","potentialAction":[{"@type":"ReadAction","target":["http:\/\/www.capenergie.fr\/catalogue\/actualite\/recapitulatif-tarif-de-revente-electricite-photovoltaique-1er-trimestre-2023.html"]}]},{"@type":"ImageObject","inLanguage":"fr-FR","@id":"http:\/\/www.capenergie.fr\/catalogue\/actualite\/recapitulatif-tarif-de-revente-electricite-photovoltaique-1er-trimestre-2023.html#primaryimage","url":"https:\/\/www.capenergie.fr\/catalogue\/wp-content\/uploads\/2020\/11\/img-big1.jpg","contentUrl":"https:\/\/www.capenergie.fr\/catalogue\/wp-content\/uploads\/2020\/11\/img-big1.jpg","width":680,"height":505},{"@type":"BreadcrumbList","@id":"http:\/\/www.capenergie.fr\/catalogue\/actualite\/recapitulatif-tarif-de-revente-electricite-photovoltaique-1er-trimestre-2023.html#breadcrumb","itemListElement":[{"@type":"ListItem","position":1,"name":"Accueil","item":"http:\/\/www.capenergie.fr\/catalogue\/"},{"@type":"ListItem","position":2,"name":"R\u00e9capitulatif tarif de revente \u00e9lectricit\u00e9 photovolta\u00efque 1er trimestre 2023"}]},{"@type":"WebSite","@id":"https:\/\/www.capenergie.fr\/catalogue\/#website","url":"https:\/\/www.capenergie.fr\/catalogue\/","name":"","description":"","potentialAction":[{"@type":"SearchAction","target":{"@type":"EntryPoint","urlTemplate":"https:\/\/www.capenergie.fr\/catalogue\/?s={search_term_string}"},"query-input":{"@type":"PropertyValueSpecification","valueRequired":true,"valueName":"search_term_string"}}],"inLanguage":"fr-FR"},{"@type":"Person","@id":"https:\/\/www.capenergie.fr\/catalogue\/#\/schema\/person\/c1e5dc0736e73e21ed6f5c42e9165758","name":"CapEnergie","image":{"@type":"ImageObject","inLanguage":"fr-FR","@id":"https:\/\/secure.gravatar.com\/avatar\/e86900fa3e6cfefb8da4bccb0bee500373948df131308c7f77d2a0a51098df2b?s=96&d=mm&r=g","url":"https:\/\/secure.gravatar.com\/avatar\/e86900fa3e6cfefb8da4bccb0bee500373948df131308c7f77d2a0a51098df2b?s=96&d=mm&r=g","contentUrl":"https:\/\/secure.gravatar.com\/avatar\/e86900fa3e6cfefb8da4bccb0bee500373948df131308c7f77d2a0a51098df2b?s=96&d=mm&r=g","caption":"CapEnergie"}}]}},"_links":{"self":[{"href":"https:\/\/www.capenergie.fr\/catalogue\/wp-json\/wp\/v2\/posts\/4876","targetHints":{"allow":["GET"]}}],"collection":[{"href":"https:\/\/www.capenergie.fr\/catalogue\/wp-json\/wp\/v2\/posts"}],"about":[{"href":"https:\/\/www.capenergie.fr\/catalogue\/wp-json\/wp\/v2\/types\/post"}],"author":[{"embeddable":true,"href":"https:\/\/www.capenergie.fr\/catalogue\/wp-json\/wp\/v2\/users\/1"}],"replies":[{"embeddable":true,"href":"https:\/\/www.capenergie.fr\/catalogue\/wp-json\/wp\/v2\/comments?post=4876"}],"version-history":[{"count":4,"href":"https:\/\/www.capenergie.fr\/catalogue\/wp-json\/wp\/v2\/posts\/4876\/revisions"}],"predecessor-version":[{"id":4880,"href":"https:\/\/www.capenergie.fr\/catalogue\/wp-json\/wp\/v2\/posts\/4876\/revisions\/4880"}],"wp:attachment":[{"href":"https:\/\/www.capenergie.fr\/catalogue\/wp-json\/wp\/v2\/media?parent=4876"}],"wp:term":[{"taxonomy":"category","embeddable":true,"href":"https:\/\/www.capenergie.fr\/catalogue\/wp-json\/wp\/v2\/categories?post=4876"},{"taxonomy":"post_tag","embeddable":true,"href":"https:\/\/www.capenergie.fr\/catalogue\/wp-json\/wp\/v2\/tags?post=4876"}],"curies":[{"name":"wp","href":"https:\/\/api.w.org\/{rel}","templated":true}]}}