{"id":3336,"date":"2017-05-16T11:58:28","date_gmt":"2017-05-16T09:58:28","guid":{"rendered":"http:\/\/www.capenergie.fr\/catalogue\/?p=3336"},"modified":"2023-05-15T12:23:25","modified_gmt":"2023-05-15T10:23:25","slug":"electrification-centre-operationnel-logistique-de-croix-rouge-de-cebu","status":"publish","type":"post","link":"https:\/\/www.capenergie.fr\/catalogue\/actualite\/electrification-centre-operationnel-logistique-de-croix-rouge-de-cebu.html","title":{"rendered":"\u00c9lectrification du centre op\u00e9rationnel et logistique de la Croix Rouge de Cebu"},"content":{"rendered":"<div class=\"rl-gallery-container rl-loading\" id=\"rl-gallery-container-1\" data-gallery_id=\"5047\"> <div class=\"rl-gallery rl-basicgrid-gallery \" id=\"rl-gallery-1\" data-gallery_no=\"1\"> <div class=\"rl-gallery-item\"><a href=\"https:\/\/www.capenergie.fr\/catalogue\/wp-content\/uploads\/2023\/05\/img-reference-24.jpg\" title=\"\" data-rl_title=\"\" class=\"rl-gallery-link\" data-rl_caption=\"\" data-rel=\"lightbox-gallery-1\" data-magnific_type=\"gallery\"><img fetchpriority=\"high\" decoding=\"async\" src=\"https:\/\/www.capenergie.fr\/catalogue\/wp-content\/uploads\/2023\/05\/img-reference-24-300x220.jpg\" width=\"300\" height=\"220\" alt=\"centre op\u00e9rationnel et logistique de la Croix Rouge de Cebu\" \/><\/a><\/div><div class=\"rl-gallery-item\"><a href=\"https:\/\/www.capenergie.fr\/catalogue\/wp-content\/uploads\/2023\/05\/img-reference-21.jpg\" title=\"\" data-rl_title=\"\" class=\"rl-gallery-link\" data-rl_caption=\"\" data-rel=\"lightbox-gallery-1\" data-magnific_type=\"gallery\"><img decoding=\"async\" src=\"https:\/\/www.capenergie.fr\/catalogue\/wp-content\/uploads\/2023\/05\/img-reference-21-300x220.jpg\" width=\"300\" height=\"220\" alt=\"centre op\u00e9rationnel et logistique de la Croix Rouge de Cebu\" \/><\/a><\/div><div class=\"rl-gallery-item\"><a href=\"https:\/\/www.capenergie.fr\/catalogue\/wp-content\/uploads\/2023\/05\/img-reference-22.jpg\" title=\"\" data-rl_title=\"\" class=\"rl-gallery-link\" data-rl_caption=\"\" data-rel=\"lightbox-gallery-1\" data-magnific_type=\"gallery\"><img decoding=\"async\" src=\"https:\/\/www.capenergie.fr\/catalogue\/wp-content\/uploads\/2023\/05\/img-reference-22-300x220.jpg\" width=\"300\" height=\"220\" alt=\"centre op\u00e9rationnel et logistique de la Croix Rouge de Cebu\" \/><\/a><\/div><div class=\"rl-gallery-item\"><a href=\"https:\/\/www.capenergie.fr\/catalogue\/wp-content\/uploads\/2023\/05\/img-reference-23.jpg\" title=\"\" data-rl_title=\"\" class=\"rl-gallery-link\" data-rl_caption=\"\" data-rel=\"lightbox-gallery-1\" data-magnific_type=\"gallery\"><img loading=\"lazy\" decoding=\"async\" src=\"https:\/\/www.capenergie.fr\/catalogue\/wp-content\/uploads\/2023\/05\/img-reference-23-300x220.jpg\" width=\"300\" height=\"220\" alt=\"centre op\u00e9rationnel et logistique de la Croix Rouge de Cebu\" \/><\/a><\/div> <\/div> <\/div>\n<div style=\"width:100%\">\n<h2 style=\"float:left\">Description du projet<\/h2>\n<p><span style=\"float:right;\"><img loading=\"lazy\" decoding=\"async\" width=\"50\" height=\"50\" src=\"http:\/\/www.capenergie.fr\/catalogue\/wp-content\/uploads\/2020\/01\/photovoltaique-icon.png\" alt=\"photovoltaique\" loading=\"lazy\"><\/span>\n<\/div>\n<div style=\"clear:both\"><\/div>\n<p><strong>Engag\u00e9 avec succ\u00e8s aupr\u00e8s d\u2019Electriciens Sans Fronti\u00e8res en 2015 et 2016 pour l\u2019<a href=\"\/catalogue\/actualite\/philippines-electriciens-sans-frontieres-croix-rouge.html\">\u00e9lectrification du village de Paypay<\/a>, Cap Energie s\u2019est une nouvelle fois joint \u00e0 cette ONG pour \u00e9lectrifier le b\u00e2timent du centre op\u00e9rationnel et logistique de la Croix Rouge sur l\u2019\u00eele de Cebu, aux Philippines. <\/strong>\u00c9lectriciens Sans Fronti\u00e8res, engag\u00e9e depuis 30 ans dans des projets d\u2019\u00e9lectrification et d\u2019acc\u00e8s \u00e0 l\u2019eau, s\u2019est inscrite dans un projet commun \u00e0 la Croix Rouge des Philippines et des Croix Rouges Fran\u00e7aises et Allemandes pour d\u00e9velopper un syst\u00e8me d\u2019autoconsommation avec stockage visant \u00e0 alimenter en \u00e9nergie le centre op\u00e9rationnel, l\u2019entrep\u00f4t et la banque du sang de la Croix Rouge sur l\u2019\u00eele de Cebu.<\/p>\n<ul>\n<li>G\u00e9n\u00e9rateur photovolta\u00efque d&rsquo;une capacit\u00e9 de production de 58 kWc  dot\u00e9 de panneaux solaires BenQ<\/li>\n<li>Groupe \u00e9lectrog\u00e8ne<\/li>\n<li>Syst\u00e8me de pose de panneaux en touture plate K2 Systems<\/li>\n<li>Un syst\u00e8me de stockage acide \/ plomb Hoppecke<\/li>\n<li>La partie conversion et r\u00e9gulation de la charge des batteries est r\u00e9alis\u00e9e avec les produits Schneider Electric<\/li>\n<\/ul>\n<p>  <em>Un projet con\u00e7u par CapEnergie et r\u00e9alis\u00e9 par notre partenaire \u00e0 Electriciens Sans Fronti\u00e8res.\n  <\/p>\n<p>  <\/em><\/p>\n<div>\n<div class=\"blue-box\"> Cap Energie, s\u2019est vu confier la fourniture d\u2019un champ photovolta\u00efque de 58kW de module BenQ install\u00e9s en toiture via une structure aluminium K2 Systems, la partie stockage avec batteries Hoppecke ainsi que le mat\u00e9riel \u00e9lectronique de conversion Schneider Electric. Ce f\u00fbt une nouvelle fois l\u2019occasion pour S\u00e9bastien Weibel, Directeur G\u00e9n\u00e9ral de Cap Energie, d\u2019apporter b\u00e9n\u00e9volement et sur place, son soutien et le savoir-faire de Cap Energie \u00e0 l\u2019installation du syst\u00e8me hybride. (G\u00e9n\u00e9rateur photovolta\u00efque \/ Batterie\/ Groupe \u00e9lectrog\u00e8ne). Ce syst\u00e8me hybride permet \u00e0 ce jour de couvrir la totalit\u00e9 des besoins \u00e9lectriques journaliers soit 180 Kwh \/jour. Il permettra aussi en cas de situation d\u2019urgence de b\u00e9n\u00e9ficier d\u2019une continuit\u00e9 d\u2019alimentation, permettant au centre op\u00e9rationnel et logistique de la Croix Rouge des Philippines la poursuite de son bon fonctionnement. Par ailleurs, le <a href=\"\/catalogue\/photovoltaique\/autoconsommation-photovoltaique.html\" style=\"color:#FFF\" title=\"syst\u00e8me solaire autoconsommation\">syst\u00e8me solaire autoconsommation<\/a> g\u00e9n\u00e8re une \u00e9conomie annuelle d\u2019environ 15K\u20ac. Une op\u00e9ration d\u2019un mois r\u00e9alis\u00e9e avec succ\u00e8s  par les membres d\u2019Electriciens Sans Fronti\u00e8res  et Cap Energie salu\u00e9e fin mars 2017  lors de la r\u00e9ception du chantier par le gouverneur  de la Croix Rouge des Philippines Mr Roble.<\/div>\n<div class=\"infos-box\">\n<h3>Informations Cl\u00e9s<\/h3>\n<p><span class=\"infos-box-line\"><span class=\"infos-box-label\">Localisation :<\/span>Philippines<\/span><br \/>\n<span class=\"infos-box-line\"><span class=\"infos-box-label\">Syst\u00e8me :<\/span> Autoconso. hybride<\/span><br \/>\n<span class=\"infos-box-line\"><span class=\"infos-box-label\">G\u00e9n\u00e9rateur PV :<\/span> 58 kWc<\/span> <br \/>\n<span class=\"infos-box-line\"><span class=\"infos-box-label\">Capacit\u00e9 :<\/span>180 Kwh \/jour<\/span>\n  <\/div>\n<\/div>\n<div style=\"clear:both\">\n<p>&nbsp;<\/p>\n<\/div>\n<h2>Visite de contr\u00f4le<\/h2>\n<p>Ce d\u00e9placement f\u00fbt \u00e9galement l\u2019occasion de<br \/>\n  contr\u00f4ler et de constater le bon fonctionnement  des <a href=\"\/catalogue\/actualite\/philippines-electriciens-sans-frontieres-croix-rouge.html\">3 centrales solaires install\u00e9es en 2015 et  2016<\/a> sur le village de Paypay dans le nord de l\u2019\u00eele.<br \/>\n(Projet \u00c9lectrification rurale et de relocalisation des  habitants suite au Typhon Haiyan en 2013)<\/p>\n<h3>  Remerciements aux diff\u00e9rents acteurs qui ont  particip\u00e9 \u00e0 ce projets<\/h3>\n<p> Croix Rouge France, Allemagne et Philippines, Electriciens Sans Fronti\u00e8res, Cap Energie, Schneider Electric, K2 systemes, Hoppecke, BenQ<\/p>\n<p><img decoding=\"async\" src=\"http:\/\/www.capenergie.fr\/catalogue\/wp-content\/uploads\/2017\/05\/partenairesv2.jpg\" alt=\"\" width=\"100%\" class=\"aligncenter size-full wp-image-3349\" \/><\/p>\n","protected":false},"excerpt":{"rendered":"<p>Description du projet Engag\u00e9 avec succ\u00e8s aupr\u00e8s d\u2019Electriciens Sans Fronti\u00e8res en 2015 et 2016 pour l\u2019\u00e9lectrification du village de Paypay, Cap Energie s\u2019est une nouvelle fois joint \u00e0 cette ONG pour \u00e9lectrifier le b\u00e2timent du centre op\u00e9rationnel et logistique de la Croix Rouge sur l\u2019\u00eele de Cebu, aux Philippines. \u00c9lectriciens Sans Fronti\u00e8res, engag\u00e9e depuis 30&hellip;&nbsp;<a href=\"https:\/\/www.capenergie.fr\/catalogue\/actualite\/electrification-centre-operationnel-logistique-de-croix-rouge-de-cebu.html\" rel=\"bookmark\"><span class=\"screen-reader-text\">\u00c9lectrification du centre op\u00e9rationnel et logistique de la Croix Rouge de Cebu<\/span><\/a><\/p>\n","protected":false},"author":1,"featured_media":5049,"comment_status":"closed","ping_status":"closed","sticky":false,"template":"","format":"standard","meta":{"neve_meta_sidebar":"","neve_meta_container":"","neve_meta_enable_content_width":"","neve_meta_content_width":0,"neve_meta_title_alignment":"","neve_meta_author_avatar":"","neve_post_elements_order":"","neve_meta_disable_header":"","neve_meta_disable_footer":"","neve_meta_disable_title":"","ngg_post_thumbnail":0,"_themeisle_gutenberg_block_has_review":false,"footnotes":""},"categories":[7,26],"tags":[],"class_list":["post-3336","post","type-post","status-publish","format-standard","has-post-thumbnail","hentry","category-actualite","category-references-et-projets"],"yoast_head":"<!-- This site is optimized with the Yoast SEO plugin v27.5 - https:\/\/yoast.com\/product\/yoast-seo-wordpress\/ -->\n<title>\u00c9lectrification du centre op\u00e9rationnel et logistique de la Croix Rouge de Cebu -<\/title>\n<meta name=\"robots\" content=\"index, follow, max-snippet:-1, max-image-preview:large, max-video-preview:-1\" \/>\n<link rel=\"canonical\" href=\"https:\/\/www.capenergie.fr\/catalogue\/actualite\/electrification-centre-operationnel-logistique-de-croix-rouge-de-cebu.html\" \/>\n<meta property=\"og:locale\" content=\"fr_FR\" \/>\n<meta property=\"og:type\" content=\"article\" \/>\n<meta property=\"og:title\" content=\"\u00c9lectrification du centre op\u00e9rationnel et logistique de la Croix Rouge de Cebu -\" \/>\n<meta property=\"og:description\" content=\"Description du projet Engag\u00e9 avec succ\u00e8s aupr\u00e8s d\u2019Electriciens Sans Fronti\u00e8res en 2015 et 2016 pour l\u2019\u00e9lectrification du village de Paypay, Cap Energie s\u2019est une nouvelle fois joint \u00e0 cette ONG pour \u00e9lectrifier le b\u00e2timent du centre op\u00e9rationnel et logistique de la Croix Rouge sur l\u2019\u00eele de Cebu, aux Philippines. \u00c9lectriciens Sans Fronti\u00e8res, engag\u00e9e depuis 30&hellip;&nbsp;\u00c9lectrification du centre op\u00e9rationnel et logistique de la Croix Rouge de Cebu\" \/>\n<meta property=\"og:url\" content=\"https:\/\/www.capenergie.fr\/catalogue\/actualite\/electrification-centre-operationnel-logistique-de-croix-rouge-de-cebu.html\" \/>\n<meta property=\"article:published_time\" content=\"2017-05-16T09:58:28+00:00\" \/>\n<meta property=\"article:modified_time\" content=\"2023-05-15T10:23:25+00:00\" \/>\n<meta property=\"og:image\" content=\"https:\/\/www.capenergie.fr\/catalogue\/wp-content\/uploads\/2023\/05\/img-reference-21.jpg\" \/>\n\t<meta property=\"og:image:width\" content=\"900\" \/>\n\t<meta property=\"og:image:height\" content=\"660\" \/>\n\t<meta property=\"og:image:type\" content=\"image\/jpeg\" \/>\n<meta name=\"author\" content=\"CapEnergie\" \/>\n<meta name=\"twitter:label1\" content=\"\u00c9crit par\" \/>\n\t<meta name=\"twitter:data1\" content=\"CapEnergie\" \/>\n\t<meta name=\"twitter:label2\" content=\"Dur\u00e9e de lecture estim\u00e9e\" \/>\n\t<meta name=\"twitter:data2\" content=\"3 minutes\" \/>\n<script type=\"application\/ld+json\" class=\"yoast-schema-graph\">{\"@context\":\"https:\\\/\\\/schema.org\",\"@graph\":[{\"@type\":\"Article\",\"@id\":\"https:\\\/\\\/www.capenergie.fr\\\/catalogue\\\/actualite\\\/electrification-centre-operationnel-logistique-de-croix-rouge-de-cebu.html#article\",\"isPartOf\":{\"@id\":\"https:\\\/\\\/www.capenergie.fr\\\/catalogue\\\/actualite\\\/electrification-centre-operationnel-logistique-de-croix-rouge-de-cebu.html\"},\"author\":{\"name\":\"CapEnergie\",\"@id\":\"https:\\\/\\\/www.capenergie.fr\\\/catalogue\\\/#\\\/schema\\\/person\\\/c1e5dc0736e73e21ed6f5c42e9165758\"},\"headline\":\"\u00c9lectrification du centre op\u00e9rationnel et logistique de la Croix Rouge de Cebu\",\"datePublished\":\"2017-05-16T09:58:28+00:00\",\"dateModified\":\"2023-05-15T10:23:25+00:00\",\"mainEntityOfPage\":{\"@id\":\"https:\\\/\\\/www.capenergie.fr\\\/catalogue\\\/actualite\\\/electrification-centre-operationnel-logistique-de-croix-rouge-de-cebu.html\"},\"wordCount\":528,\"image\":{\"@id\":\"https:\\\/\\\/www.capenergie.fr\\\/catalogue\\\/actualite\\\/electrification-centre-operationnel-logistique-de-croix-rouge-de-cebu.html#primaryimage\"},\"thumbnailUrl\":\"https:\\\/\\\/www.capenergie.fr\\\/catalogue\\\/wp-content\\\/uploads\\\/2023\\\/05\\\/img-reference-21.jpg\",\"articleSection\":[\"Actualit\u00e9\",\"R\u00e9f\u00e9rences\"],\"inLanguage\":\"fr-FR\"},{\"@type\":\"WebPage\",\"@id\":\"https:\\\/\\\/www.capenergie.fr\\\/catalogue\\\/actualite\\\/electrification-centre-operationnel-logistique-de-croix-rouge-de-cebu.html\",\"url\":\"https:\\\/\\\/www.capenergie.fr\\\/catalogue\\\/actualite\\\/electrification-centre-operationnel-logistique-de-croix-rouge-de-cebu.html\",\"name\":\"\u00c9lectrification du centre op\u00e9rationnel et logistique de la Croix Rouge de Cebu -\",\"isPartOf\":{\"@id\":\"https:\\\/\\\/www.capenergie.fr\\\/catalogue\\\/#website\"},\"primaryImageOfPage\":{\"@id\":\"https:\\\/\\\/www.capenergie.fr\\\/catalogue\\\/actualite\\\/electrification-centre-operationnel-logistique-de-croix-rouge-de-cebu.html#primaryimage\"},\"image\":{\"@id\":\"https:\\\/\\\/www.capenergie.fr\\\/catalogue\\\/actualite\\\/electrification-centre-operationnel-logistique-de-croix-rouge-de-cebu.html#primaryimage\"},\"thumbnailUrl\":\"https:\\\/\\\/www.capenergie.fr\\\/catalogue\\\/wp-content\\\/uploads\\\/2023\\\/05\\\/img-reference-21.jpg\",\"datePublished\":\"2017-05-16T09:58:28+00:00\",\"dateModified\":\"2023-05-15T10:23:25+00:00\",\"author\":{\"@id\":\"https:\\\/\\\/www.capenergie.fr\\\/catalogue\\\/#\\\/schema\\\/person\\\/c1e5dc0736e73e21ed6f5c42e9165758\"},\"breadcrumb\":{\"@id\":\"https:\\\/\\\/www.capenergie.fr\\\/catalogue\\\/actualite\\\/electrification-centre-operationnel-logistique-de-croix-rouge-de-cebu.html#breadcrumb\"},\"inLanguage\":\"fr-FR\",\"potentialAction\":[{\"@type\":\"ReadAction\",\"target\":[\"https:\\\/\\\/www.capenergie.fr\\\/catalogue\\\/actualite\\\/electrification-centre-operationnel-logistique-de-croix-rouge-de-cebu.html\"]}]},{\"@type\":\"ImageObject\",\"inLanguage\":\"fr-FR\",\"@id\":\"https:\\\/\\\/www.capenergie.fr\\\/catalogue\\\/actualite\\\/electrification-centre-operationnel-logistique-de-croix-rouge-de-cebu.html#primaryimage\",\"url\":\"https:\\\/\\\/www.capenergie.fr\\\/catalogue\\\/wp-content\\\/uploads\\\/2023\\\/05\\\/img-reference-21.jpg\",\"contentUrl\":\"https:\\\/\\\/www.capenergie.fr\\\/catalogue\\\/wp-content\\\/uploads\\\/2023\\\/05\\\/img-reference-21.jpg\",\"width\":900,\"height\":660,\"caption\":\"centre op\u00e9rationnel et logistique de la Croix Rouge de Cebu\"},{\"@type\":\"BreadcrumbList\",\"@id\":\"https:\\\/\\\/www.capenergie.fr\\\/catalogue\\\/actualite\\\/electrification-centre-operationnel-logistique-de-croix-rouge-de-cebu.html#breadcrumb\",\"itemListElement\":[{\"@type\":\"ListItem\",\"position\":1,\"name\":\"Accueil\",\"item\":\"https:\\\/\\\/www.capenergie.fr\\\/catalogue\\\/\"},{\"@type\":\"ListItem\",\"position\":2,\"name\":\"\u00c9lectrification du centre op\u00e9rationnel et logistique de la Croix Rouge de Cebu\"}]},{\"@type\":\"WebSite\",\"@id\":\"https:\\\/\\\/www.capenergie.fr\\\/catalogue\\\/#website\",\"url\":\"https:\\\/\\\/www.capenergie.fr\\\/catalogue\\\/\",\"name\":\"\",\"description\":\"\",\"potentialAction\":[{\"@type\":\"SearchAction\",\"target\":{\"@type\":\"EntryPoint\",\"urlTemplate\":\"https:\\\/\\\/www.capenergie.fr\\\/catalogue\\\/?s={search_term_string}\"},\"query-input\":{\"@type\":\"PropertyValueSpecification\",\"valueRequired\":true,\"valueName\":\"search_term_string\"}}],\"inLanguage\":\"fr-FR\"},{\"@type\":\"Person\",\"@id\":\"https:\\\/\\\/www.capenergie.fr\\\/catalogue\\\/#\\\/schema\\\/person\\\/c1e5dc0736e73e21ed6f5c42e9165758\",\"name\":\"CapEnergie\",\"image\":{\"@type\":\"ImageObject\",\"inLanguage\":\"fr-FR\",\"@id\":\"https:\\\/\\\/secure.gravatar.com\\\/avatar\\\/e86900fa3e6cfefb8da4bccb0bee500373948df131308c7f77d2a0a51098df2b?s=96&d=mm&r=g\",\"url\":\"https:\\\/\\\/secure.gravatar.com\\\/avatar\\\/e86900fa3e6cfefb8da4bccb0bee500373948df131308c7f77d2a0a51098df2b?s=96&d=mm&r=g\",\"contentUrl\":\"https:\\\/\\\/secure.gravatar.com\\\/avatar\\\/e86900fa3e6cfefb8da4bccb0bee500373948df131308c7f77d2a0a51098df2b?s=96&d=mm&r=g\",\"caption\":\"CapEnergie\"}}]}<\/script>\n<!-- \/ Yoast SEO plugin. -->","yoast_head_json":{"title":"\u00c9lectrification du centre op\u00e9rationnel et logistique de la Croix Rouge de Cebu -","robots":{"index":"index","follow":"follow","max-snippet":"max-snippet:-1","max-image-preview":"max-image-preview:large","max-video-preview":"max-video-preview:-1"},"canonical":"https:\/\/www.capenergie.fr\/catalogue\/actualite\/electrification-centre-operationnel-logistique-de-croix-rouge-de-cebu.html","og_locale":"fr_FR","og_type":"article","og_title":"\u00c9lectrification du centre op\u00e9rationnel et logistique de la Croix Rouge de Cebu -","og_description":"Description du projet Engag\u00e9 avec succ\u00e8s aupr\u00e8s d\u2019Electriciens Sans Fronti\u00e8res en 2015 et 2016 pour l\u2019\u00e9lectrification du village de Paypay, Cap Energie s\u2019est une nouvelle fois joint \u00e0 cette ONG pour \u00e9lectrifier le b\u00e2timent du centre op\u00e9rationnel et logistique de la Croix Rouge sur l\u2019\u00eele de Cebu, aux Philippines. \u00c9lectriciens Sans Fronti\u00e8res, engag\u00e9e depuis 30&hellip;&nbsp;\u00c9lectrification du centre op\u00e9rationnel et logistique de la Croix Rouge de Cebu","og_url":"https:\/\/www.capenergie.fr\/catalogue\/actualite\/electrification-centre-operationnel-logistique-de-croix-rouge-de-cebu.html","article_published_time":"2017-05-16T09:58:28+00:00","article_modified_time":"2023-05-15T10:23:25+00:00","og_image":[{"width":900,"height":660,"url":"https:\/\/www.capenergie.fr\/catalogue\/wp-content\/uploads\/2023\/05\/img-reference-21.jpg","type":"image\/jpeg"}],"author":"CapEnergie","twitter_misc":{"\u00c9crit par":"CapEnergie","Dur\u00e9e de lecture estim\u00e9e":"3 minutes"},"schema":{"@context":"https:\/\/schema.org","@graph":[{"@type":"Article","@id":"https:\/\/www.capenergie.fr\/catalogue\/actualite\/electrification-centre-operationnel-logistique-de-croix-rouge-de-cebu.html#article","isPartOf":{"@id":"https:\/\/www.capenergie.fr\/catalogue\/actualite\/electrification-centre-operationnel-logistique-de-croix-rouge-de-cebu.html"},"author":{"name":"CapEnergie","@id":"https:\/\/www.capenergie.fr\/catalogue\/#\/schema\/person\/c1e5dc0736e73e21ed6f5c42e9165758"},"headline":"\u00c9lectrification du centre op\u00e9rationnel et logistique de la Croix Rouge de Cebu","datePublished":"2017-05-16T09:58:28+00:00","dateModified":"2023-05-15T10:23:25+00:00","mainEntityOfPage":{"@id":"https:\/\/www.capenergie.fr\/catalogue\/actualite\/electrification-centre-operationnel-logistique-de-croix-rouge-de-cebu.html"},"wordCount":528,"image":{"@id":"https:\/\/www.capenergie.fr\/catalogue\/actualite\/electrification-centre-operationnel-logistique-de-croix-rouge-de-cebu.html#primaryimage"},"thumbnailUrl":"https:\/\/www.capenergie.fr\/catalogue\/wp-content\/uploads\/2023\/05\/img-reference-21.jpg","articleSection":["Actualit\u00e9","R\u00e9f\u00e9rences"],"inLanguage":"fr-FR"},{"@type":"WebPage","@id":"https:\/\/www.capenergie.fr\/catalogue\/actualite\/electrification-centre-operationnel-logistique-de-croix-rouge-de-cebu.html","url":"https:\/\/www.capenergie.fr\/catalogue\/actualite\/electrification-centre-operationnel-logistique-de-croix-rouge-de-cebu.html","name":"\u00c9lectrification du centre op\u00e9rationnel et logistique de la Croix Rouge de Cebu -","isPartOf":{"@id":"https:\/\/www.capenergie.fr\/catalogue\/#website"},"primaryImageOfPage":{"@id":"https:\/\/www.capenergie.fr\/catalogue\/actualite\/electrification-centre-operationnel-logistique-de-croix-rouge-de-cebu.html#primaryimage"},"image":{"@id":"https:\/\/www.capenergie.fr\/catalogue\/actualite\/electrification-centre-operationnel-logistique-de-croix-rouge-de-cebu.html#primaryimage"},"thumbnailUrl":"https:\/\/www.capenergie.fr\/catalogue\/wp-content\/uploads\/2023\/05\/img-reference-21.jpg","datePublished":"2017-05-16T09:58:28+00:00","dateModified":"2023-05-15T10:23:25+00:00","author":{"@id":"https:\/\/www.capenergie.fr\/catalogue\/#\/schema\/person\/c1e5dc0736e73e21ed6f5c42e9165758"},"breadcrumb":{"@id":"https:\/\/www.capenergie.fr\/catalogue\/actualite\/electrification-centre-operationnel-logistique-de-croix-rouge-de-cebu.html#breadcrumb"},"inLanguage":"fr-FR","potentialAction":[{"@type":"ReadAction","target":["https:\/\/www.capenergie.fr\/catalogue\/actualite\/electrification-centre-operationnel-logistique-de-croix-rouge-de-cebu.html"]}]},{"@type":"ImageObject","inLanguage":"fr-FR","@id":"https:\/\/www.capenergie.fr\/catalogue\/actualite\/electrification-centre-operationnel-logistique-de-croix-rouge-de-cebu.html#primaryimage","url":"https:\/\/www.capenergie.fr\/catalogue\/wp-content\/uploads\/2023\/05\/img-reference-21.jpg","contentUrl":"https:\/\/www.capenergie.fr\/catalogue\/wp-content\/uploads\/2023\/05\/img-reference-21.jpg","width":900,"height":660,"caption":"centre op\u00e9rationnel et logistique de la Croix Rouge de Cebu"},{"@type":"BreadcrumbList","@id":"https:\/\/www.capenergie.fr\/catalogue\/actualite\/electrification-centre-operationnel-logistique-de-croix-rouge-de-cebu.html#breadcrumb","itemListElement":[{"@type":"ListItem","position":1,"name":"Accueil","item":"https:\/\/www.capenergie.fr\/catalogue\/"},{"@type":"ListItem","position":2,"name":"\u00c9lectrification du centre op\u00e9rationnel et logistique de la Croix Rouge de Cebu"}]},{"@type":"WebSite","@id":"https:\/\/www.capenergie.fr\/catalogue\/#website","url":"https:\/\/www.capenergie.fr\/catalogue\/","name":"","description":"","potentialAction":[{"@type":"SearchAction","target":{"@type":"EntryPoint","urlTemplate":"https:\/\/www.capenergie.fr\/catalogue\/?s={search_term_string}"},"query-input":{"@type":"PropertyValueSpecification","valueRequired":true,"valueName":"search_term_string"}}],"inLanguage":"fr-FR"},{"@type":"Person","@id":"https:\/\/www.capenergie.fr\/catalogue\/#\/schema\/person\/c1e5dc0736e73e21ed6f5c42e9165758","name":"CapEnergie","image":{"@type":"ImageObject","inLanguage":"fr-FR","@id":"https:\/\/secure.gravatar.com\/avatar\/e86900fa3e6cfefb8da4bccb0bee500373948df131308c7f77d2a0a51098df2b?s=96&d=mm&r=g","url":"https:\/\/secure.gravatar.com\/avatar\/e86900fa3e6cfefb8da4bccb0bee500373948df131308c7f77d2a0a51098df2b?s=96&d=mm&r=g","contentUrl":"https:\/\/secure.gravatar.com\/avatar\/e86900fa3e6cfefb8da4bccb0bee500373948df131308c7f77d2a0a51098df2b?s=96&d=mm&r=g","caption":"CapEnergie"}}]}},"_links":{"self":[{"href":"https:\/\/www.capenergie.fr\/catalogue\/wp-json\/wp\/v2\/posts\/3336","targetHints":{"allow":["GET"]}}],"collection":[{"href":"https:\/\/www.capenergie.fr\/catalogue\/wp-json\/wp\/v2\/posts"}],"about":[{"href":"https:\/\/www.capenergie.fr\/catalogue\/wp-json\/wp\/v2\/types\/post"}],"author":[{"embeddable":true,"href":"https:\/\/www.capenergie.fr\/catalogue\/wp-json\/wp\/v2\/users\/1"}],"replies":[{"embeddable":true,"href":"https:\/\/www.capenergie.fr\/catalogue\/wp-json\/wp\/v2\/comments?post=3336"}],"version-history":[{"count":18,"href":"https:\/\/www.capenergie.fr\/catalogue\/wp-json\/wp\/v2\/posts\/3336\/revisions"}],"predecessor-version":[{"id":5056,"href":"https:\/\/www.capenergie.fr\/catalogue\/wp-json\/wp\/v2\/posts\/3336\/revisions\/5056"}],"wp:featuredmedia":[{"embeddable":true,"href":"https:\/\/www.capenergie.fr\/catalogue\/wp-json\/wp\/v2\/media\/5049"}],"wp:attachment":[{"href":"https:\/\/www.capenergie.fr\/catalogue\/wp-json\/wp\/v2\/media?parent=3336"}],"wp:term":[{"taxonomy":"category","embeddable":true,"href":"https:\/\/www.capenergie.fr\/catalogue\/wp-json\/wp\/v2\/categories?post=3336"},{"taxonomy":"post_tag","embeddable":true,"href":"https:\/\/www.capenergie.fr\/catalogue\/wp-json\/wp\/v2\/tags?post=3336"}],"curies":[{"name":"wp","href":"https:\/\/api.w.org\/{rel}","templated":true}]}}