{"id":866,"date":"2013-01-07T11:20:14","date_gmt":"2013-01-07T10:20:14","guid":{"rendered":"http:\/\/www.capenergie.fr\/catalogue3\/?p=866"},"modified":"2013-02-01T13:22:49","modified_gmt":"2013-02-01T12:22:49","slug":"140-mesures-durgence-pour-la-relance-de-la-filiere-photovoltaique-francaise","status":"publish","type":"post","link":"http:\/\/www.capenergie.fr\/catalogue\/actualite\/140-mesures-durgence-pour-la-relance-de-la-filiere-photovoltaique-francaise.html","title":{"rendered":"Relance de la fili\u00e8re photovolta\u00efque"},"content":{"rendered":"<div style=\"float: right; margin-left:15px; margin-top:10px; margin-bottom:5px\">           \t\t<img decoding=\"async\" src=\"http:\/\/images.capenergie.fr\/doc-actu\/logo-france-republique.jpg\" border=\"0\" width=\"150\" height=\"200\" \/>          <\/div>\n<p>Delphine BATHO, Ministre de l\u2019\u00c9cologie, du D\u00e9veloppement durable et de l\u2019\u00c9nergie, a pr\u00e9sent\u00e9 aujourd\u2019hui un ensemble de mesures visant \u00e0 atteindre le d\u00e9veloppement annuel d\u2019au moins 1 000 m\u00e9gawatts<\/strong> de projets solaires en France en 2013, conform\u00e9ment aux d\u00e9cisions prises dans le cadre de la conf\u00e9rence environnementale des 14 et 15 septembre dernier.<br \/>\n  Le gouvernement a d\u00e9cid\u00e9 ainsi de doubler les volumes cibles pour le photovolta\u00efque (1000 m\u00e9gawatts\/an) compar\u00e9 aux mesures prises suite au Grenelle<br \/>\n  de l\u2019environnement par le pr\u00e9c\u00e9dent Gouvernement (500 m\u00e9gawatts\/an).<\/p>\n<p>  1)<strong> Grandes installations : soutien aux technologies fran\u00e7aises innovantes <\/strong><\/p>\n<p>  La Ministre a transmis \u00e0 la Commission de r\u00e9gulation de l\u2019\u00e9nergie (CRE) les conditions<br \/>\n  du prochain appel d\u2019offres pour les grandes installations photovolta\u00efques (d\u2019une<br \/>\n  puissance sup\u00e9rieure \u00e0 250 kilowatts). Cet appel d\u2019offres, d\u2019un volume de 400<br \/>\n  m\u00e9gawatts, sera destin\u00e9 \u00e0 parts \u00e9gales :<br \/>\n  <br \/>\n  &#8211; Aux technologies innovantes : photovolta\u00efque \u00e0 concentration et photovolta\u00efque<br \/>\n  avec suivi du soleil ;<br \/>\n&#8211; Aux technologies matures sur ombri\u00e8res et sur toitures.<br \/>\n  <br \/>\n  Concernant les centrales au sol, l\u2019appel d\u2019offres privil\u00e9giera le d\u00e9veloppement sur des<br \/>\n  sites d\u00e9grad\u00e9s (friches industrielles, anciennes carri\u00e8res ou d\u00e9charges etc.) pour<br \/>\n  \u00e9viter les conflits d\u2019usage notamment avec les terres agricoles.<br \/>\n  L\u2019appel d\u2019offres valorisera la comp\u00e9titivit\u00e9-co\u00fbt des projets propos\u00e9s, mais aussi leur<br \/>\n  contribution \u00e0 la protection de l\u2019environnement et du climat ainsi qu\u2019\u00e0 la recherche, au d\u00e9veloppement et \u00e0 l\u2019innovation. Ces crit\u00e8res ont vocation \u00e0 soutenir la fili\u00e8re<br \/>\n  solaire fran\u00e7aise dans un contexte de concurrence d\u00e9loyale.<br \/>\n  Un second appel d\u2019offres sera lanc\u00e9 au cours de l\u2019ann\u00e9e 2013, ciblant notamment<br \/>\n  d\u2019autres technologies innovantes dans le domaine solaire. <\/p>\n<p>  2) <strong>Installations de taille moyenne : \u00e9volution des crit\u00e8res de l\u2019appel d\u2019offres <\/strong><\/p>\n<p>  Delphine BATHO a d\u00e9cid\u00e9 de la suite \u00e0 donner \u00e0 l\u2019appel d\u2019offres automatique d\u00e9di\u00e9<br \/>\n  aux installations sur toiture d\u2019une puissance comprise entre 100 et 250 kilowatts. Les<br \/>\n  r\u00e9sultats des premi\u00e8res p\u00e9riodes ayant \u00e9t\u00e9 peu satisfaisants en termes de retomb\u00e9es<br \/>\n  industrielles, cet appel d\u2019offres sera poursuivi avec des conditions am\u00e9lior\u00e9es pour un<br \/>\n  volume global de 120 MW sur un an, r\u00e9partis en trois tranches de 40 m\u00e9gawatts.<br \/>\n  Outre le prix, l\u2019appel d\u2019offres accordera d\u00e9sormais une attention particuli\u00e8re \u00e0 la<br \/>\n  contribution des projets \u00e0 la protection du climat en int\u00e9grant un crit\u00e8re d\u2019\u00e9valuation<br \/>\n  carbone du processus de fabrication des modules photovolta\u00efques.<\/p>\n<p>  3) <strong>Petites installations : bonification du tarif d\u2019achat en fonction du lieu de<br \/>\n  fabrication <\/strong><\/p>\n<p>  La Ministre a sign\u00e9 aujourd\u2019hui les arr\u00eat\u00e9s tarifaires pour les petites installations sur<br \/>\n  toiture (d\u2019une puissance jusqu\u2019\u00e0 100 kilowatts), ent\u00e9rinant le doublement des volumes<br \/>\n  cibles de 200 \u00e0 400 m\u00e9gawatts par an :<br \/>\n  <br \/>\n  &#8211; La grille tarifaire sera simplifi\u00e9e pour mettre fin \u00e0 la distinction faite entre<br \/>\n  installations selon l\u2019usage du b\u00e2timent. <br \/>\n  &#8211; Les tarifs d\u2019int\u00e9gration simplifi\u00e9e au b\u00e2ti seront augment\u00e9s de 5%. <br \/>\n  &#8211; <strong>Tous les projets pourront b\u00e9n\u00e9ficier d\u2019une bonification suppl\u00e9mentaire<br \/>\n  allant jusqu\u2019\u00e0 10% en fonction du lieu de fabrication des modules<br \/>\n  photovolta\u00efques pour prendre en compte les diff\u00e9rences de co\u00fbt<br \/>\n  observ\u00e9es<\/strong>. <br \/>\n  &#8211; Le tarif T5 d\u00e9di\u00e9 aux autres installations sera baiss\u00e9 de 20% mais \u00e9galement<br \/>\n  assorti de la bonification d\u2019au plus 10%, afin de privil\u00e9gier le d\u00e9veloppement<br \/>\n  des installations cr\u00e9atrices d\u2019innovation et de d\u00e9veloppement local.<\/p>\n<p>  L\u2019ensemble de ces mesures g\u00e9n\u00e8rera des investissements de plus de 2 milliards<br \/>\n  d\u2019euros et permettra la cr\u00e9ation ou le maintien d\u2019environ 10 000 emplois. Leur co\u00fbt<br \/>\n  annuel pour la collectivit\u00e9 est ma\u00eetris\u00e9 et estim\u00e9 entre 90 et 170 millions d\u2019euros, soit<br \/>\n  environ 1\u20ac \u00e0 2\u20ac par an en moyenne par m\u00e9nage.<\/p>\n<p>  Un travail \u00e0 court et moyen terme va \u00eatre engag\u00e9 avec les acteurs de la fili\u00e8re sur<br \/>\n  l\u2019am\u00e9lioration du financement des entreprises, la structuration de la cha\u00eene de valeur,<br \/>\n  l\u2019innovation et les choix technologiques du prochain appel d\u2019offres. Un r\u00e9pertoire des<br \/>\n  entreprises industrielles de la fili\u00e8re photovolta\u00efque fran\u00e7aise sera mis en ligne le<br \/>\n  1er f\u00e9vrier afin de faciliter l\u2019information du grand public.<\/p>\n<p>  Ces d\u00e9cisions constituent une r\u00e9ponse d\u2019urgence pour le d\u00e9veloppement de la fili\u00e8re<br \/>\n  solaire en France, au moment o\u00f9 notre pays s\u2019engage dans le grand chantier de la<br \/>\n  transition \u00e9nerg\u00e9tique. Le d\u00e9bat national sur la transition \u00e9nerg\u00e9tique permettra<br \/>\n  de d\u00e9finir un cadre pr\u00e9visible, stable et durable pour le d\u00e9veloppement de<br \/>\n  l\u2019\u00e9nergie solaire et des autres \u00e9nergies renouvelables dans la perspective de<br \/>\n  l\u2019objectif fix\u00e9 par le Pr\u00e9sident de la R\u00e9publique \u00e0 l\u2019horizon 2025.<\/p>\n<p>  <a href=\"http:\/\/pdf.capenergie.fr\/doc-actu\/DP_photovoltaique-2013-07-01.pdf\" title=\"l'electricit\u00e9 photovoltaique 2013\" target=\"_blank\">T\u00e9l\u00e9charger &quot;Le dossier complet sur les projets du gourvernement sur le photovolta\u00efque pour 2013&quot;<\/a><\/p>\n<p><\/p>\n","protected":false},"excerpt":{"rendered":"<p>Delphine BATHO, Ministre de l\u2019\u00c9cologie, du D\u00e9veloppement durable et de l\u2019\u00c9nergie, a pr\u00e9sent\u00e9 aujourd\u2019hui un ensemble de mesures visant \u00e0 atteindre le d\u00e9veloppement annuel d\u2019au moins 1 000 m\u00e9gawatts de projets solaires en France en 2013, conform\u00e9ment aux d\u00e9cisions prises dans le cadre de la conf\u00e9rence environnementale des 14 et 15 septembre dernier. Le gouvernement&hellip;&nbsp;<a href=\"http:\/\/www.capenergie.fr\/catalogue\/actualite\/140-mesures-durgence-pour-la-relance-de-la-filiere-photovoltaique-francaise.html\" rel=\"bookmark\"><span class=\"screen-reader-text\">Relance de la fili\u00e8re photovolta\u00efque<\/span><\/a><\/p>\n","protected":false},"author":1,"featured_media":0,"comment_status":"closed","ping_status":"closed","sticky":false,"template":"","format":"standard","meta":{"neve_meta_sidebar":"","neve_meta_container":"","neve_meta_enable_content_width":"","neve_meta_content_width":0,"neve_meta_title_alignment":"","neve_meta_author_avatar":"","neve_post_elements_order":"","neve_meta_disable_header":"","neve_meta_disable_footer":"","neve_meta_disable_title":"","ngg_post_thumbnail":0,"_themeisle_gutenberg_block_has_review":false,"footnotes":""},"categories":[7],"tags":[],"class_list":["post-866","post","type-post","status-publish","format-standard","hentry","category-actualite"],"yoast_head":"<!-- This site is optimized with the Yoast SEO plugin v27.5 - https:\/\/yoast.com\/product\/yoast-seo-wordpress\/ -->\n<title>Mesures d\u2019urgence pour la relance de la fili\u00e8re photovolta\u00efque fran\u00e7aise<\/title>\n<meta name=\"description\" content=\"Mesures d\u2019urgence pour la relance de la fili\u00e8re photovolta\u00efque fran\u00e7aise, Delphine BATHO, Ministre de l\u2019\u00c9cologie, du D\u00e9veloppement durable et de l\u2019\u00c9nergie, a pr\u00e9sent\u00e9 aujourd\u2019hui un ensemble de mesures visant \u00e0 atteindre le d\u00e9veloppement annuel d\u2019au moins 1 000 m\u00e9gawatts\" \/>\n<meta name=\"robots\" content=\"index, follow, max-snippet:-1, max-image-preview:large, max-video-preview:-1\" \/>\n<link rel=\"canonical\" href=\"https:\/\/www.capenergie.fr\/catalogue\/actualite\/140-mesures-durgence-pour-la-relance-de-la-filiere-photovoltaique-francaise.html\" \/>\n<meta property=\"og:locale\" content=\"fr_FR\" \/>\n<meta property=\"og:type\" content=\"article\" \/>\n<meta property=\"og:title\" content=\"Mesures d\u2019urgence pour la relance de la fili\u00e8re photovolta\u00efque fran\u00e7aise\" \/>\n<meta property=\"og:description\" content=\"Mesures d\u2019urgence pour la relance de la fili\u00e8re photovolta\u00efque fran\u00e7aise, Delphine BATHO, Ministre de l\u2019\u00c9cologie, du D\u00e9veloppement durable et de l\u2019\u00c9nergie, a pr\u00e9sent\u00e9 aujourd\u2019hui un ensemble de mesures visant \u00e0 atteindre le d\u00e9veloppement annuel d\u2019au moins 1 000 m\u00e9gawatts\" \/>\n<meta property=\"og:url\" content=\"https:\/\/www.capenergie.fr\/catalogue\/actualite\/140-mesures-durgence-pour-la-relance-de-la-filiere-photovoltaique-francaise.html\" \/>\n<meta property=\"article:published_time\" content=\"2013-01-07T10:20:14+00:00\" \/>\n<meta property=\"article:modified_time\" content=\"2013-02-01T12:22:49+00:00\" \/>\n<meta property=\"og:image\" content=\"http:\/\/images.capenergie.fr\/doc-actu\/logo-france-republique.jpg\" \/>\n<meta name=\"author\" content=\"CapEnergie\" \/>\n<meta name=\"twitter:label1\" content=\"\u00c9crit par\" \/>\n\t<meta name=\"twitter:data1\" content=\"CapEnergie\" \/>\n\t<meta name=\"twitter:label2\" content=\"Dur\u00e9e de lecture estim\u00e9e\" \/>\n\t<meta name=\"twitter:data2\" content=\"4 minutes\" \/>\n<script type=\"application\/ld+json\" class=\"yoast-schema-graph\">{\"@context\":\"https:\\\/\\\/schema.org\",\"@graph\":[{\"@type\":\"Article\",\"@id\":\"https:\\\/\\\/www.capenergie.fr\\\/catalogue\\\/actualite\\\/140-mesures-durgence-pour-la-relance-de-la-filiere-photovoltaique-francaise.html#article\",\"isPartOf\":{\"@id\":\"https:\\\/\\\/www.capenergie.fr\\\/catalogue\\\/actualite\\\/140-mesures-durgence-pour-la-relance-de-la-filiere-photovoltaique-francaise.html\"},\"author\":{\"name\":\"CapEnergie\",\"@id\":\"https:\\\/\\\/www.capenergie.fr\\\/catalogue\\\/#\\\/schema\\\/person\\\/c1e5dc0736e73e21ed6f5c42e9165758\"},\"headline\":\"Relance de la fili\u00e8re photovolta\u00efque\",\"datePublished\":\"2013-01-07T10:20:14+00:00\",\"dateModified\":\"2013-02-01T12:22:49+00:00\",\"mainEntityOfPage\":{\"@id\":\"https:\\\/\\\/www.capenergie.fr\\\/catalogue\\\/actualite\\\/140-mesures-durgence-pour-la-relance-de-la-filiere-photovoltaique-francaise.html\"},\"wordCount\":813,\"image\":{\"@id\":\"https:\\\/\\\/www.capenergie.fr\\\/catalogue\\\/actualite\\\/140-mesures-durgence-pour-la-relance-de-la-filiere-photovoltaique-francaise.html#primaryimage\"},\"thumbnailUrl\":\"http:\\\/\\\/images.capenergie.fr\\\/doc-actu\\\/logo-france-republique.jpg\",\"articleSection\":[\"Actualit\u00e9\"],\"inLanguage\":\"fr-FR\"},{\"@type\":\"WebPage\",\"@id\":\"https:\\\/\\\/www.capenergie.fr\\\/catalogue\\\/actualite\\\/140-mesures-durgence-pour-la-relance-de-la-filiere-photovoltaique-francaise.html\",\"url\":\"https:\\\/\\\/www.capenergie.fr\\\/catalogue\\\/actualite\\\/140-mesures-durgence-pour-la-relance-de-la-filiere-photovoltaique-francaise.html\",\"name\":\"Mesures d\u2019urgence pour la relance de la fili\u00e8re photovolta\u00efque fran\u00e7aise\",\"isPartOf\":{\"@id\":\"https:\\\/\\\/www.capenergie.fr\\\/catalogue\\\/#website\"},\"primaryImageOfPage\":{\"@id\":\"https:\\\/\\\/www.capenergie.fr\\\/catalogue\\\/actualite\\\/140-mesures-durgence-pour-la-relance-de-la-filiere-photovoltaique-francaise.html#primaryimage\"},\"image\":{\"@id\":\"https:\\\/\\\/www.capenergie.fr\\\/catalogue\\\/actualite\\\/140-mesures-durgence-pour-la-relance-de-la-filiere-photovoltaique-francaise.html#primaryimage\"},\"thumbnailUrl\":\"http:\\\/\\\/images.capenergie.fr\\\/doc-actu\\\/logo-france-republique.jpg\",\"datePublished\":\"2013-01-07T10:20:14+00:00\",\"dateModified\":\"2013-02-01T12:22:49+00:00\",\"author\":{\"@id\":\"https:\\\/\\\/www.capenergie.fr\\\/catalogue\\\/#\\\/schema\\\/person\\\/c1e5dc0736e73e21ed6f5c42e9165758\"},\"description\":\"Mesures d\u2019urgence pour la relance de la fili\u00e8re photovolta\u00efque fran\u00e7aise, Delphine BATHO, Ministre de l\u2019\u00c9cologie, du D\u00e9veloppement durable et de l\u2019\u00c9nergie, a pr\u00e9sent\u00e9 aujourd\u2019hui un ensemble de mesures visant \u00e0 atteindre le d\u00e9veloppement annuel d\u2019au moins 1 000 m\u00e9gawatts\",\"breadcrumb\":{\"@id\":\"https:\\\/\\\/www.capenergie.fr\\\/catalogue\\\/actualite\\\/140-mesures-durgence-pour-la-relance-de-la-filiere-photovoltaique-francaise.html#breadcrumb\"},\"inLanguage\":\"fr-FR\",\"potentialAction\":[{\"@type\":\"ReadAction\",\"target\":[\"https:\\\/\\\/www.capenergie.fr\\\/catalogue\\\/actualite\\\/140-mesures-durgence-pour-la-relance-de-la-filiere-photovoltaique-francaise.html\"]}]},{\"@type\":\"ImageObject\",\"inLanguage\":\"fr-FR\",\"@id\":\"https:\\\/\\\/www.capenergie.fr\\\/catalogue\\\/actualite\\\/140-mesures-durgence-pour-la-relance-de-la-filiere-photovoltaique-francaise.html#primaryimage\",\"url\":\"http:\\\/\\\/images.capenergie.fr\\\/doc-actu\\\/logo-france-republique.jpg\",\"contentUrl\":\"http:\\\/\\\/images.capenergie.fr\\\/doc-actu\\\/logo-france-republique.jpg\"},{\"@type\":\"BreadcrumbList\",\"@id\":\"https:\\\/\\\/www.capenergie.fr\\\/catalogue\\\/actualite\\\/140-mesures-durgence-pour-la-relance-de-la-filiere-photovoltaique-francaise.html#breadcrumb\",\"itemListElement\":[{\"@type\":\"ListItem\",\"position\":1,\"name\":\"Accueil\",\"item\":\"http:\\\/\\\/www.capenergie.fr\\\/catalogue\\\/\"},{\"@type\":\"ListItem\",\"position\":2,\"name\":\"Relance de la fili\u00e8re photovolta\u00efque\"}]},{\"@type\":\"WebSite\",\"@id\":\"https:\\\/\\\/www.capenergie.fr\\\/catalogue\\\/#website\",\"url\":\"https:\\\/\\\/www.capenergie.fr\\\/catalogue\\\/\",\"name\":\"\",\"description\":\"\",\"potentialAction\":[{\"@type\":\"SearchAction\",\"target\":{\"@type\":\"EntryPoint\",\"urlTemplate\":\"https:\\\/\\\/www.capenergie.fr\\\/catalogue\\\/?s={search_term_string}\"},\"query-input\":{\"@type\":\"PropertyValueSpecification\",\"valueRequired\":true,\"valueName\":\"search_term_string\"}}],\"inLanguage\":\"fr-FR\"},{\"@type\":\"Person\",\"@id\":\"https:\\\/\\\/www.capenergie.fr\\\/catalogue\\\/#\\\/schema\\\/person\\\/c1e5dc0736e73e21ed6f5c42e9165758\",\"name\":\"CapEnergie\",\"image\":{\"@type\":\"ImageObject\",\"inLanguage\":\"fr-FR\",\"@id\":\"https:\\\/\\\/secure.gravatar.com\\\/avatar\\\/e86900fa3e6cfefb8da4bccb0bee500373948df131308c7f77d2a0a51098df2b?s=96&d=mm&r=g\",\"url\":\"https:\\\/\\\/secure.gravatar.com\\\/avatar\\\/e86900fa3e6cfefb8da4bccb0bee500373948df131308c7f77d2a0a51098df2b?s=96&d=mm&r=g\",\"contentUrl\":\"https:\\\/\\\/secure.gravatar.com\\\/avatar\\\/e86900fa3e6cfefb8da4bccb0bee500373948df131308c7f77d2a0a51098df2b?s=96&d=mm&r=g\",\"caption\":\"CapEnergie\"}}]}<\/script>\n<!-- \/ Yoast SEO plugin. -->","yoast_head_json":{"title":"Mesures d\u2019urgence pour la relance de la fili\u00e8re photovolta\u00efque fran\u00e7aise","description":"Mesures d\u2019urgence pour la relance de la fili\u00e8re photovolta\u00efque fran\u00e7aise, Delphine BATHO, Ministre de l\u2019\u00c9cologie, du D\u00e9veloppement durable et de l\u2019\u00c9nergie, a pr\u00e9sent\u00e9 aujourd\u2019hui un ensemble de mesures visant \u00e0 atteindre le d\u00e9veloppement annuel d\u2019au moins 1 000 m\u00e9gawatts","robots":{"index":"index","follow":"follow","max-snippet":"max-snippet:-1","max-image-preview":"max-image-preview:large","max-video-preview":"max-video-preview:-1"},"canonical":"https:\/\/www.capenergie.fr\/catalogue\/actualite\/140-mesures-durgence-pour-la-relance-de-la-filiere-photovoltaique-francaise.html","og_locale":"fr_FR","og_type":"article","og_title":"Mesures d\u2019urgence pour la relance de la fili\u00e8re photovolta\u00efque fran\u00e7aise","og_description":"Mesures d\u2019urgence pour la relance de la fili\u00e8re photovolta\u00efque fran\u00e7aise, Delphine BATHO, Ministre de l\u2019\u00c9cologie, du D\u00e9veloppement durable et de l\u2019\u00c9nergie, a pr\u00e9sent\u00e9 aujourd\u2019hui un ensemble de mesures visant \u00e0 atteindre le d\u00e9veloppement annuel d\u2019au moins 1 000 m\u00e9gawatts","og_url":"https:\/\/www.capenergie.fr\/catalogue\/actualite\/140-mesures-durgence-pour-la-relance-de-la-filiere-photovoltaique-francaise.html","article_published_time":"2013-01-07T10:20:14+00:00","article_modified_time":"2013-02-01T12:22:49+00:00","og_image":[{"url":"http:\/\/images.capenergie.fr\/doc-actu\/logo-france-republique.jpg","type":"","width":"","height":""}],"author":"CapEnergie","twitter_misc":{"\u00c9crit par":"CapEnergie","Dur\u00e9e de lecture estim\u00e9e":"4 minutes"},"schema":{"@context":"https:\/\/schema.org","@graph":[{"@type":"Article","@id":"https:\/\/www.capenergie.fr\/catalogue\/actualite\/140-mesures-durgence-pour-la-relance-de-la-filiere-photovoltaique-francaise.html#article","isPartOf":{"@id":"https:\/\/www.capenergie.fr\/catalogue\/actualite\/140-mesures-durgence-pour-la-relance-de-la-filiere-photovoltaique-francaise.html"},"author":{"name":"CapEnergie","@id":"https:\/\/www.capenergie.fr\/catalogue\/#\/schema\/person\/c1e5dc0736e73e21ed6f5c42e9165758"},"headline":"Relance de la fili\u00e8re photovolta\u00efque","datePublished":"2013-01-07T10:20:14+00:00","dateModified":"2013-02-01T12:22:49+00:00","mainEntityOfPage":{"@id":"https:\/\/www.capenergie.fr\/catalogue\/actualite\/140-mesures-durgence-pour-la-relance-de-la-filiere-photovoltaique-francaise.html"},"wordCount":813,"image":{"@id":"https:\/\/www.capenergie.fr\/catalogue\/actualite\/140-mesures-durgence-pour-la-relance-de-la-filiere-photovoltaique-francaise.html#primaryimage"},"thumbnailUrl":"http:\/\/images.capenergie.fr\/doc-actu\/logo-france-republique.jpg","articleSection":["Actualit\u00e9"],"inLanguage":"fr-FR"},{"@type":"WebPage","@id":"https:\/\/www.capenergie.fr\/catalogue\/actualite\/140-mesures-durgence-pour-la-relance-de-la-filiere-photovoltaique-francaise.html","url":"https:\/\/www.capenergie.fr\/catalogue\/actualite\/140-mesures-durgence-pour-la-relance-de-la-filiere-photovoltaique-francaise.html","name":"Mesures d\u2019urgence pour la relance de la fili\u00e8re photovolta\u00efque fran\u00e7aise","isPartOf":{"@id":"https:\/\/www.capenergie.fr\/catalogue\/#website"},"primaryImageOfPage":{"@id":"https:\/\/www.capenergie.fr\/catalogue\/actualite\/140-mesures-durgence-pour-la-relance-de-la-filiere-photovoltaique-francaise.html#primaryimage"},"image":{"@id":"https:\/\/www.capenergie.fr\/catalogue\/actualite\/140-mesures-durgence-pour-la-relance-de-la-filiere-photovoltaique-francaise.html#primaryimage"},"thumbnailUrl":"http:\/\/images.capenergie.fr\/doc-actu\/logo-france-republique.jpg","datePublished":"2013-01-07T10:20:14+00:00","dateModified":"2013-02-01T12:22:49+00:00","author":{"@id":"https:\/\/www.capenergie.fr\/catalogue\/#\/schema\/person\/c1e5dc0736e73e21ed6f5c42e9165758"},"description":"Mesures d\u2019urgence pour la relance de la fili\u00e8re photovolta\u00efque fran\u00e7aise, Delphine BATHO, Ministre de l\u2019\u00c9cologie, du D\u00e9veloppement durable et de l\u2019\u00c9nergie, a pr\u00e9sent\u00e9 aujourd\u2019hui un ensemble de mesures visant \u00e0 atteindre le d\u00e9veloppement annuel d\u2019au moins 1 000 m\u00e9gawatts","breadcrumb":{"@id":"https:\/\/www.capenergie.fr\/catalogue\/actualite\/140-mesures-durgence-pour-la-relance-de-la-filiere-photovoltaique-francaise.html#breadcrumb"},"inLanguage":"fr-FR","potentialAction":[{"@type":"ReadAction","target":["https:\/\/www.capenergie.fr\/catalogue\/actualite\/140-mesures-durgence-pour-la-relance-de-la-filiere-photovoltaique-francaise.html"]}]},{"@type":"ImageObject","inLanguage":"fr-FR","@id":"https:\/\/www.capenergie.fr\/catalogue\/actualite\/140-mesures-durgence-pour-la-relance-de-la-filiere-photovoltaique-francaise.html#primaryimage","url":"http:\/\/images.capenergie.fr\/doc-actu\/logo-france-republique.jpg","contentUrl":"http:\/\/images.capenergie.fr\/doc-actu\/logo-france-republique.jpg"},{"@type":"BreadcrumbList","@id":"https:\/\/www.capenergie.fr\/catalogue\/actualite\/140-mesures-durgence-pour-la-relance-de-la-filiere-photovoltaique-francaise.html#breadcrumb","itemListElement":[{"@type":"ListItem","position":1,"name":"Accueil","item":"http:\/\/www.capenergie.fr\/catalogue\/"},{"@type":"ListItem","position":2,"name":"Relance de la fili\u00e8re photovolta\u00efque"}]},{"@type":"WebSite","@id":"https:\/\/www.capenergie.fr\/catalogue\/#website","url":"https:\/\/www.capenergie.fr\/catalogue\/","name":"","description":"","potentialAction":[{"@type":"SearchAction","target":{"@type":"EntryPoint","urlTemplate":"https:\/\/www.capenergie.fr\/catalogue\/?s={search_term_string}"},"query-input":{"@type":"PropertyValueSpecification","valueRequired":true,"valueName":"search_term_string"}}],"inLanguage":"fr-FR"},{"@type":"Person","@id":"https:\/\/www.capenergie.fr\/catalogue\/#\/schema\/person\/c1e5dc0736e73e21ed6f5c42e9165758","name":"CapEnergie","image":{"@type":"ImageObject","inLanguage":"fr-FR","@id":"https:\/\/secure.gravatar.com\/avatar\/e86900fa3e6cfefb8da4bccb0bee500373948df131308c7f77d2a0a51098df2b?s=96&d=mm&r=g","url":"https:\/\/secure.gravatar.com\/avatar\/e86900fa3e6cfefb8da4bccb0bee500373948df131308c7f77d2a0a51098df2b?s=96&d=mm&r=g","contentUrl":"https:\/\/secure.gravatar.com\/avatar\/e86900fa3e6cfefb8da4bccb0bee500373948df131308c7f77d2a0a51098df2b?s=96&d=mm&r=g","caption":"CapEnergie"}}]}},"_links":{"self":[{"href":"http:\/\/www.capenergie.fr\/catalogue\/wp-json\/wp\/v2\/posts\/866","targetHints":{"allow":["GET"]}}],"collection":[{"href":"http:\/\/www.capenergie.fr\/catalogue\/wp-json\/wp\/v2\/posts"}],"about":[{"href":"http:\/\/www.capenergie.fr\/catalogue\/wp-json\/wp\/v2\/types\/post"}],"author":[{"embeddable":true,"href":"http:\/\/www.capenergie.fr\/catalogue\/wp-json\/wp\/v2\/users\/1"}],"replies":[{"embeddable":true,"href":"http:\/\/www.capenergie.fr\/catalogue\/wp-json\/wp\/v2\/comments?post=866"}],"version-history":[{"count":5,"href":"http:\/\/www.capenergie.fr\/catalogue\/wp-json\/wp\/v2\/posts\/866\/revisions"}],"predecessor-version":[{"id":911,"href":"http:\/\/www.capenergie.fr\/catalogue\/wp-json\/wp\/v2\/posts\/866\/revisions\/911"}],"wp:attachment":[{"href":"http:\/\/www.capenergie.fr\/catalogue\/wp-json\/wp\/v2\/media?parent=866"}],"wp:term":[{"taxonomy":"category","embeddable":true,"href":"http:\/\/www.capenergie.fr\/catalogue\/wp-json\/wp\/v2\/categories?post=866"},{"taxonomy":"post_tag","embeddable":true,"href":"http:\/\/www.capenergie.fr\/catalogue\/wp-json\/wp\/v2\/tags?post=866"}],"curies":[{"name":"wp","href":"https:\/\/api.w.org\/{rel}","templated":true}]}}