{"id":5924,"date":"2025-11-06T16:39:57","date_gmt":"2025-11-06T15:39:57","guid":{"rendered":"https:\/\/www.capenergie.fr\/catalogue\/?p=5924"},"modified":"2025-11-06T16:46:51","modified_gmt":"2025-11-06T15:46:51","slug":"electrification-exploitation-avicole-sarthe","status":"publish","type":"post","link":"http:\/\/www.capenergie.fr\/catalogue\/references-et-projets\/electrification-exploitation-avicole-sarthe.html","title":{"rendered":"\u00c9lectrification d&rsquo;une exploitation avicole dans la Sarthe"},"content":{"rendered":"<div class=\"rl-gallery-container rl-loading\" id=\"rl-gallery-container-1\" data-gallery_id=\"5927\"> <div class=\"rl-gallery rl-basicgrid-gallery \" id=\"rl-gallery-1\" data-gallery_no=\"1\"> <div class=\"rl-gallery-item\"><a href=\"http:\/\/www.capenergie.fr\/catalogue\/wp-content\/uploads\/2025\/11\/c-lines-4.png\" title=\"\" data-rl_title=\"\" class=\"rl-gallery-link\" data-rl_caption=\"\" data-rel=\"lightbox-gallery-1\" data-magnific_type=\"gallery\"><img fetchpriority=\"high\" decoding=\"async\" src=\"http:\/\/www.capenergie.fr\/catalogue\/wp-content\/uploads\/2025\/11\/c-lines-4-300x220.png\" width=\"300\" height=\"220\" alt=\"alimentation \u00e9lectrique des b\u00e2timents d\u2019\u00e9levage\" \/><\/a><\/div><div class=\"rl-gallery-item\"><a href=\"http:\/\/www.capenergie.fr\/catalogue\/wp-content\/uploads\/2025\/11\/c-lines-1.png\" title=\"\" data-rl_title=\"\" class=\"rl-gallery-link\" data-rl_caption=\"\" data-rel=\"lightbox-gallery-1\" data-magnific_type=\"gallery\"><img decoding=\"async\" src=\"http:\/\/www.capenergie.fr\/catalogue\/wp-content\/uploads\/2025\/11\/c-lines-1-300x220.png\" width=\"300\" height=\"220\" alt=\"\u00e9levage de vollailes une autonomie\" \/><\/a><\/div><div class=\"rl-gallery-item\"><a href=\"http:\/\/www.capenergie.fr\/catalogue\/wp-content\/uploads\/2025\/11\/c-lines-2.png\" title=\"\" data-rl_title=\"\" class=\"rl-gallery-link\" data-rl_caption=\"\" data-rel=\"lightbox-gallery-1\" data-magnific_type=\"gallery\"><img decoding=\"async\" src=\"http:\/\/www.capenergie.fr\/catalogue\/wp-content\/uploads\/2025\/11\/c-lines-2-300x220.png\" width=\"300\" height=\"220\" alt=\"transition \u00e9nerg\u00e9tique du secteur agricole\" \/><\/a><\/div><div class=\"rl-gallery-item\"><a href=\"http:\/\/www.capenergie.fr\/catalogue\/wp-content\/uploads\/2025\/11\/c-lines-3.png\" title=\"\" data-rl_title=\"\" class=\"rl-gallery-link\" data-rl_caption=\"\" data-rel=\"lightbox-gallery-1\" data-magnific_type=\"gallery\"><img loading=\"lazy\" decoding=\"async\" src=\"http:\/\/www.capenergie.fr\/catalogue\/wp-content\/uploads\/2025\/11\/c-lines-3-300x220.png\" width=\"300\" height=\"220\" alt=\"Ind\u00e9pendance \u00e9nerg\u00e9tique pour l\u2019\u00e9levage de demain\" \/><\/a><\/div> <\/div> <\/div>\n<div style=\"width:100%\">\n<h2 style=\"float:left\">Description du projet<\/h2>\n<p><span style=\"float:right;\"><img loading=\"lazy\" decoding=\"async\" width=\"50\" height=\"50\" src=\"http:\/\/www.capenergie.fr\/catalogue\/wp-content\/uploads\/2020\/01\/photovoltaique-icon.png\" alt=\"photovoltaique\" loading=\"lazy\"><\/span>\n<\/div>\n<div style=\"clear:both\"><\/div>\n<p>Syst\u00e8me autoconsommation avec Stockage avec gestion hybride des g\u00e9n\u00e9rateurs photovolta\u00efque \/ groupe \u00e9lectrog\u00e8ne en back-up. <\/p>\n<ul>\n<li>G\u00e9n\u00e9rateur photovolta\u00efque d&rsquo;une capacit\u00e9 de production de 76 kWc  dot\u00e9 de panneaux solaires <a href=\"\/catalogue\/photovoltaique\/panneaux-photovoltaiques\/panneau-photovoltaique-jinko.html\" title=\"distributeur de panneau solaire Jinko\">JINKO<\/a> 500 Wc<\/li>\n<li>Groupe \u00e9lectrog\u00e8ne<\/li>\n<li>Un syst\u00e8me de stockage <a href=\"\/catalogue\/photovoltaique\/autoconsommation-photovoltaique\/stockage-lithium-weco.html\" title=\"Stockage Lithium Weco\">WECO<\/a> d&rsquo;une capacit\u00e9 de 90 kWh d\u00e9ploy\u00e9 dans 2 armoires<\/li>\n<li>La partie conversion et <a href=\"\/catalogue\/site-isole\/installation-solaire-autonome\/regulateur-de-charge.html\" title=\"R\u00e9gulateur de Charge Victron\">r\u00e9gulation de la charge<\/a> des batteries est r\u00e9alis\u00e9e avec les produits Victron et onduleur 50 kVa Sungrow<\/li>\n<li>La partie syst\u00e8me de fixation en toiture et champ au sol est r\u00e9alis\u00e9e avec les produits <a href=\"\/catalogue\/photovoltaique\/support-a-integration\/systeme-pose-k2-systems.html\" title=\"Syst\u00e8me fixation photovolta\u00efque K2 Systems\">K2 Systems<\/a><\/li>\n<\/ul>\n<p>  <em>Un projet con\u00e7u et r\u00e9alis\u00e9 par C-Lines et CapEnergie.\n  <\/p>\n<p>  <\/em><\/p>\n<div>\n<div class=\"blue-box\">\n<p>Les \u00e9leveurs de volailles font aujourd\u2019hui face \u00e0 de v\u00e9ritables d\u00e9fis \u00e9nerg\u00e9tiques. Entre les hausses de tarifs de l\u2019\u00e9lectricit\u00e9, les coupures de r\u00e9seau en zone rurale et la n\u00e9cessit\u00e9 d\u2019assurer en permanence le bon fonctionnement des \u00e9quipements d\u2019\u00e9levage, ventilation, chauffage ou \u00e9clairage, chaque interruption peut avoir un impact direct sur la production et le bien-\u00eatre des animaux. <br \/>\n      Pour r\u00e9pondre \u00e0 ces enjeux, C-Lines et CapEnergie ont con\u00e7u une solution sur mesure fond\u00e9e sur un mix \u00e9nerg\u00e9tique intelligent. En combinant panneaux solaires et groupe \u00e9lectrog\u00e8ne, le syst\u00e8me permet de garantir une alimentation continue et ma\u00eetris\u00e9e, tout en r\u00e9duisant la d\u00e9pendance au r\u00e9seau. Le solaire assure la majeure partie des besoins quotidiens, tandis que le groupe \u00e9lectrog\u00e8ne prend le relais uniquement lorsque c\u2019est n\u00e9cessaire. L&rsquo;exploitation devient ainsi plus autonome, plus \u00e9conome et plus r\u00e9siliente face aux al\u00e9as \u00e9nerg\u00e9tiques.<\/p>\n<\/div>\n<div class=\"infos-box\">\n<h3>Informations Cl\u00e9s<\/h3>\n<p>    <span class=\"infos-box-line\"><span class=\"infos-box-label\">Localisation :<\/span> France (72)<\/span><br \/>\n\t<span class=\"infos-box-line\"><span class=\"infos-box-label\">Syst\u00e8me :<\/span> Autoconsommation<\/span><br \/>\n    <span class=\"infos-box-line\"><span class=\"infos-box-label\">G\u00e9n\u00e9rateur PV :<\/span> 76 kWc<\/span> <br \/>\n\t<span class=\"infos-box-line\"><span class=\"infos-box-label\">Stockage :<\/span> 90 kWh<\/span>\n  <\/div>\n<\/div>\n<div style=\"clear:both\">\n<p>&nbsp;<\/p>\n<\/div>\n<h2>Vid\u00e9o du projet<\/h2>\n<div style=\"position: relative; padding-bottom: 56.25%; height: 0; overflow: hidden; max-width: 100%; background: #000;\">\n  <iframe \n    src=\"https:\/\/www.youtube.com\/embed\/qb5VekzEBMQ\" \n    title=\"Vid\u00e9o YouTube\" \n    frameborder=\"0\" \n    allow=\"accelerometer; autoplay; clipboard-write; encrypted-media; gyroscope; picture-in-picture; web-share\" \n    allowfullscreen \n    style=\"position: absolute; top: 0; left: 0; width: 100%; height: 100%;\"><br \/>\n  <\/iframe>\n<\/div>\n","protected":false},"excerpt":{"rendered":"<p>Description du projet Syst\u00e8me autoconsommation avec Stockage avec gestion hybride des g\u00e9n\u00e9rateurs photovolta\u00efque \/ groupe \u00e9lectrog\u00e8ne en back-up. G\u00e9n\u00e9rateur photovolta\u00efque d&rsquo;une capacit\u00e9 de production de 76 kWc dot\u00e9 de panneaux solaires JINKO 500 Wc Groupe \u00e9lectrog\u00e8ne Un syst\u00e8me de stockage WECO d&rsquo;une capacit\u00e9 de 90 kWh d\u00e9ploy\u00e9 dans 2 armoires La partie conversion et r\u00e9gulation&hellip;&nbsp;<a href=\"http:\/\/www.capenergie.fr\/catalogue\/references-et-projets\/electrification-exploitation-avicole-sarthe.html\" rel=\"bookmark\"><span class=\"screen-reader-text\">\u00c9lectrification d&rsquo;une exploitation avicole dans la Sarthe<\/span><\/a><\/p>\n","protected":false},"author":1,"featured_media":5929,"comment_status":"closed","ping_status":"closed","sticky":false,"template":"","format":"standard","meta":{"neve_meta_sidebar":"","neve_meta_container":"","neve_meta_enable_content_width":"off","neve_meta_content_width":70,"neve_meta_title_alignment":"","neve_meta_author_avatar":"","neve_post_elements_order":"","neve_meta_disable_header":"","neve_meta_disable_footer":"","neve_meta_disable_title":"","ngg_post_thumbnail":0,"_themeisle_gutenberg_block_has_review":false,"footnotes":""},"categories":[26],"tags":[],"class_list":["post-5924","post","type-post","status-publish","format-standard","has-post-thumbnail","hentry","category-references-et-projets"],"yoast_head":"<!-- This site is optimized with the Yoast SEO plugin v27.5 - https:\/\/yoast.com\/product\/yoast-seo-wordpress\/ -->\n<title>Autonomie \u00e9nerg\u00e9tique pour \u00e9levage avicole C-Lines &amp; CapEnergie<\/title>\n<meta name=\"description\" content=\"D\u00e9couvrez comment C-Lines et CapEnergie assurent l\u2019autonomie \u00e9nerg\u00e9tique d\u2019une exploitation avicole gr\u00e2ce \u00e0 un mix solaire et groupe \u00e9lectrog\u00e8ne.\" \/>\n<meta name=\"robots\" content=\"index, follow, max-snippet:-1, max-image-preview:large, max-video-preview:-1\" \/>\n<link rel=\"canonical\" href=\"https:\/\/www.capenergie.fr\/catalogue\/references-et-projets\/electrification-exploitation-avicole-sarthe.html\" \/>\n<meta property=\"og:locale\" content=\"fr_FR\" \/>\n<meta property=\"og:type\" content=\"article\" \/>\n<meta property=\"og:title\" content=\"Autonomie \u00e9nerg\u00e9tique pour \u00e9levage avicole C-Lines &amp; CapEnergie\" \/>\n<meta property=\"og:description\" content=\"D\u00e9couvrez comment C-Lines et CapEnergie assurent l\u2019autonomie \u00e9nerg\u00e9tique d\u2019une exploitation avicole gr\u00e2ce \u00e0 un mix solaire et groupe \u00e9lectrog\u00e8ne.\" \/>\n<meta property=\"og:url\" content=\"https:\/\/www.capenergie.fr\/catalogue\/references-et-projets\/electrification-exploitation-avicole-sarthe.html\" \/>\n<meta property=\"article:published_time\" content=\"2025-11-06T15:39:57+00:00\" \/>\n<meta property=\"article:modified_time\" content=\"2025-11-06T15:46:51+00:00\" \/>\n<meta property=\"og:image\" content=\"https:\/\/www.capenergie.fr\/catalogue\/wp-content\/uploads\/2025\/11\/c-lines-1.png\" \/>\n\t<meta property=\"og:image:width\" content=\"900\" \/>\n\t<meta property=\"og:image:height\" content=\"660\" \/>\n\t<meta property=\"og:image:type\" content=\"image\/png\" \/>\n<meta name=\"author\" content=\"CapEnergie\" \/>\n<meta name=\"twitter:label1\" content=\"\u00c9crit par\" \/>\n\t<meta name=\"twitter:data1\" content=\"CapEnergie\" \/>\n\t<meta name=\"twitter:label2\" content=\"Dur\u00e9e de lecture estim\u00e9e\" \/>\n\t<meta name=\"twitter:data2\" content=\"2 minutes\" \/>\n<script type=\"application\/ld+json\" class=\"yoast-schema-graph\">{\"@context\":\"https:\\\/\\\/schema.org\",\"@graph\":[{\"@type\":\"Article\",\"@id\":\"https:\\\/\\\/www.capenergie.fr\\\/catalogue\\\/references-et-projets\\\/electrification-exploitation-avicole-sarthe.html#article\",\"isPartOf\":{\"@id\":\"https:\\\/\\\/www.capenergie.fr\\\/catalogue\\\/references-et-projets\\\/electrification-exploitation-avicole-sarthe.html\"},\"author\":{\"name\":\"CapEnergie\",\"@id\":\"https:\\\/\\\/www.capenergie.fr\\\/catalogue\\\/#\\\/schema\\\/person\\\/c1e5dc0736e73e21ed6f5c42e9165758\"},\"headline\":\"\u00c9lectrification d&rsquo;une exploitation avicole dans la Sarthe\",\"datePublished\":\"2025-11-06T15:39:57+00:00\",\"dateModified\":\"2025-11-06T15:46:51+00:00\",\"mainEntityOfPage\":{\"@id\":\"https:\\\/\\\/www.capenergie.fr\\\/catalogue\\\/references-et-projets\\\/electrification-exploitation-avicole-sarthe.html\"},\"wordCount\":306,\"image\":{\"@id\":\"https:\\\/\\\/www.capenergie.fr\\\/catalogue\\\/references-et-projets\\\/electrification-exploitation-avicole-sarthe.html#primaryimage\"},\"thumbnailUrl\":\"http:\\\/\\\/www.capenergie.fr\\\/catalogue\\\/wp-content\\\/uploads\\\/2025\\\/11\\\/c-lines-1.png\",\"articleSection\":[\"R\u00e9f\u00e9rences\"],\"inLanguage\":\"fr-FR\"},{\"@type\":\"WebPage\",\"@id\":\"https:\\\/\\\/www.capenergie.fr\\\/catalogue\\\/references-et-projets\\\/electrification-exploitation-avicole-sarthe.html\",\"url\":\"https:\\\/\\\/www.capenergie.fr\\\/catalogue\\\/references-et-projets\\\/electrification-exploitation-avicole-sarthe.html\",\"name\":\"Autonomie \u00e9nerg\u00e9tique pour \u00e9levage avicole C-Lines & CapEnergie\",\"isPartOf\":{\"@id\":\"https:\\\/\\\/www.capenergie.fr\\\/catalogue\\\/#website\"},\"primaryImageOfPage\":{\"@id\":\"https:\\\/\\\/www.capenergie.fr\\\/catalogue\\\/references-et-projets\\\/electrification-exploitation-avicole-sarthe.html#primaryimage\"},\"image\":{\"@id\":\"https:\\\/\\\/www.capenergie.fr\\\/catalogue\\\/references-et-projets\\\/electrification-exploitation-avicole-sarthe.html#primaryimage\"},\"thumbnailUrl\":\"http:\\\/\\\/www.capenergie.fr\\\/catalogue\\\/wp-content\\\/uploads\\\/2025\\\/11\\\/c-lines-1.png\",\"datePublished\":\"2025-11-06T15:39:57+00:00\",\"dateModified\":\"2025-11-06T15:46:51+00:00\",\"author\":{\"@id\":\"https:\\\/\\\/www.capenergie.fr\\\/catalogue\\\/#\\\/schema\\\/person\\\/c1e5dc0736e73e21ed6f5c42e9165758\"},\"description\":\"D\u00e9couvrez comment C-Lines et CapEnergie assurent l\u2019autonomie \u00e9nerg\u00e9tique d\u2019une exploitation avicole gr\u00e2ce \u00e0 un mix solaire et groupe \u00e9lectrog\u00e8ne.\",\"breadcrumb\":{\"@id\":\"https:\\\/\\\/www.capenergie.fr\\\/catalogue\\\/references-et-projets\\\/electrification-exploitation-avicole-sarthe.html#breadcrumb\"},\"inLanguage\":\"fr-FR\",\"potentialAction\":[{\"@type\":\"ReadAction\",\"target\":[\"https:\\\/\\\/www.capenergie.fr\\\/catalogue\\\/references-et-projets\\\/electrification-exploitation-avicole-sarthe.html\"]}]},{\"@type\":\"ImageObject\",\"inLanguage\":\"fr-FR\",\"@id\":\"https:\\\/\\\/www.capenergie.fr\\\/catalogue\\\/references-et-projets\\\/electrification-exploitation-avicole-sarthe.html#primaryimage\",\"url\":\"http:\\\/\\\/www.capenergie.fr\\\/catalogue\\\/wp-content\\\/uploads\\\/2025\\\/11\\\/c-lines-1.png\",\"contentUrl\":\"http:\\\/\\\/www.capenergie.fr\\\/catalogue\\\/wp-content\\\/uploads\\\/2025\\\/11\\\/c-lines-1.png\",\"width\":900,\"height\":660,\"caption\":\"\u00e9levage de vollailes une autonomie\"},{\"@type\":\"BreadcrumbList\",\"@id\":\"https:\\\/\\\/www.capenergie.fr\\\/catalogue\\\/references-et-projets\\\/electrification-exploitation-avicole-sarthe.html#breadcrumb\",\"itemListElement\":[{\"@type\":\"ListItem\",\"position\":1,\"name\":\"Accueil\",\"item\":\"https:\\\/\\\/www.capenergie.fr\\\/catalogue\\\/\"},{\"@type\":\"ListItem\",\"position\":2,\"name\":\"\u00c9lectrification d&rsquo;une exploitation avicole dans la Sarthe\"}]},{\"@type\":\"WebSite\",\"@id\":\"https:\\\/\\\/www.capenergie.fr\\\/catalogue\\\/#website\",\"url\":\"https:\\\/\\\/www.capenergie.fr\\\/catalogue\\\/\",\"name\":\"\",\"description\":\"\",\"potentialAction\":[{\"@type\":\"SearchAction\",\"target\":{\"@type\":\"EntryPoint\",\"urlTemplate\":\"https:\\\/\\\/www.capenergie.fr\\\/catalogue\\\/?s={search_term_string}\"},\"query-input\":{\"@type\":\"PropertyValueSpecification\",\"valueRequired\":true,\"valueName\":\"search_term_string\"}}],\"inLanguage\":\"fr-FR\"},{\"@type\":\"Person\",\"@id\":\"https:\\\/\\\/www.capenergie.fr\\\/catalogue\\\/#\\\/schema\\\/person\\\/c1e5dc0736e73e21ed6f5c42e9165758\",\"name\":\"CapEnergie\",\"image\":{\"@type\":\"ImageObject\",\"inLanguage\":\"fr-FR\",\"@id\":\"https:\\\/\\\/secure.gravatar.com\\\/avatar\\\/e86900fa3e6cfefb8da4bccb0bee500373948df131308c7f77d2a0a51098df2b?s=96&d=mm&r=g\",\"url\":\"https:\\\/\\\/secure.gravatar.com\\\/avatar\\\/e86900fa3e6cfefb8da4bccb0bee500373948df131308c7f77d2a0a51098df2b?s=96&d=mm&r=g\",\"contentUrl\":\"https:\\\/\\\/secure.gravatar.com\\\/avatar\\\/e86900fa3e6cfefb8da4bccb0bee500373948df131308c7f77d2a0a51098df2b?s=96&d=mm&r=g\",\"caption\":\"CapEnergie\"}}]}<\/script>\n<!-- \/ Yoast SEO plugin. -->","yoast_head_json":{"title":"Autonomie \u00e9nerg\u00e9tique pour \u00e9levage avicole C-Lines & CapEnergie","description":"D\u00e9couvrez comment C-Lines et CapEnergie assurent l\u2019autonomie \u00e9nerg\u00e9tique d\u2019une exploitation avicole gr\u00e2ce \u00e0 un mix solaire et groupe \u00e9lectrog\u00e8ne.","robots":{"index":"index","follow":"follow","max-snippet":"max-snippet:-1","max-image-preview":"max-image-preview:large","max-video-preview":"max-video-preview:-1"},"canonical":"https:\/\/www.capenergie.fr\/catalogue\/references-et-projets\/electrification-exploitation-avicole-sarthe.html","og_locale":"fr_FR","og_type":"article","og_title":"Autonomie \u00e9nerg\u00e9tique pour \u00e9levage avicole C-Lines & CapEnergie","og_description":"D\u00e9couvrez comment C-Lines et CapEnergie assurent l\u2019autonomie \u00e9nerg\u00e9tique d\u2019une exploitation avicole gr\u00e2ce \u00e0 un mix solaire et groupe \u00e9lectrog\u00e8ne.","og_url":"https:\/\/www.capenergie.fr\/catalogue\/references-et-projets\/electrification-exploitation-avicole-sarthe.html","article_published_time":"2025-11-06T15:39:57+00:00","article_modified_time":"2025-11-06T15:46:51+00:00","og_image":[{"width":900,"height":660,"url":"https:\/\/www.capenergie.fr\/catalogue\/wp-content\/uploads\/2025\/11\/c-lines-1.png","type":"image\/png"}],"author":"CapEnergie","twitter_misc":{"\u00c9crit par":"CapEnergie","Dur\u00e9e de lecture estim\u00e9e":"2 minutes"},"schema":{"@context":"https:\/\/schema.org","@graph":[{"@type":"Article","@id":"https:\/\/www.capenergie.fr\/catalogue\/references-et-projets\/electrification-exploitation-avicole-sarthe.html#article","isPartOf":{"@id":"https:\/\/www.capenergie.fr\/catalogue\/references-et-projets\/electrification-exploitation-avicole-sarthe.html"},"author":{"name":"CapEnergie","@id":"https:\/\/www.capenergie.fr\/catalogue\/#\/schema\/person\/c1e5dc0736e73e21ed6f5c42e9165758"},"headline":"\u00c9lectrification d&rsquo;une exploitation avicole dans la Sarthe","datePublished":"2025-11-06T15:39:57+00:00","dateModified":"2025-11-06T15:46:51+00:00","mainEntityOfPage":{"@id":"https:\/\/www.capenergie.fr\/catalogue\/references-et-projets\/electrification-exploitation-avicole-sarthe.html"},"wordCount":306,"image":{"@id":"https:\/\/www.capenergie.fr\/catalogue\/references-et-projets\/electrification-exploitation-avicole-sarthe.html#primaryimage"},"thumbnailUrl":"http:\/\/www.capenergie.fr\/catalogue\/wp-content\/uploads\/2025\/11\/c-lines-1.png","articleSection":["R\u00e9f\u00e9rences"],"inLanguage":"fr-FR"},{"@type":"WebPage","@id":"https:\/\/www.capenergie.fr\/catalogue\/references-et-projets\/electrification-exploitation-avicole-sarthe.html","url":"https:\/\/www.capenergie.fr\/catalogue\/references-et-projets\/electrification-exploitation-avicole-sarthe.html","name":"Autonomie \u00e9nerg\u00e9tique pour \u00e9levage avicole C-Lines & CapEnergie","isPartOf":{"@id":"https:\/\/www.capenergie.fr\/catalogue\/#website"},"primaryImageOfPage":{"@id":"https:\/\/www.capenergie.fr\/catalogue\/references-et-projets\/electrification-exploitation-avicole-sarthe.html#primaryimage"},"image":{"@id":"https:\/\/www.capenergie.fr\/catalogue\/references-et-projets\/electrification-exploitation-avicole-sarthe.html#primaryimage"},"thumbnailUrl":"http:\/\/www.capenergie.fr\/catalogue\/wp-content\/uploads\/2025\/11\/c-lines-1.png","datePublished":"2025-11-06T15:39:57+00:00","dateModified":"2025-11-06T15:46:51+00:00","author":{"@id":"https:\/\/www.capenergie.fr\/catalogue\/#\/schema\/person\/c1e5dc0736e73e21ed6f5c42e9165758"},"description":"D\u00e9couvrez comment C-Lines et CapEnergie assurent l\u2019autonomie \u00e9nerg\u00e9tique d\u2019une exploitation avicole gr\u00e2ce \u00e0 un mix solaire et groupe \u00e9lectrog\u00e8ne.","breadcrumb":{"@id":"https:\/\/www.capenergie.fr\/catalogue\/references-et-projets\/electrification-exploitation-avicole-sarthe.html#breadcrumb"},"inLanguage":"fr-FR","potentialAction":[{"@type":"ReadAction","target":["https:\/\/www.capenergie.fr\/catalogue\/references-et-projets\/electrification-exploitation-avicole-sarthe.html"]}]},{"@type":"ImageObject","inLanguage":"fr-FR","@id":"https:\/\/www.capenergie.fr\/catalogue\/references-et-projets\/electrification-exploitation-avicole-sarthe.html#primaryimage","url":"http:\/\/www.capenergie.fr\/catalogue\/wp-content\/uploads\/2025\/11\/c-lines-1.png","contentUrl":"http:\/\/www.capenergie.fr\/catalogue\/wp-content\/uploads\/2025\/11\/c-lines-1.png","width":900,"height":660,"caption":"\u00e9levage de vollailes une autonomie"},{"@type":"BreadcrumbList","@id":"https:\/\/www.capenergie.fr\/catalogue\/references-et-projets\/electrification-exploitation-avicole-sarthe.html#breadcrumb","itemListElement":[{"@type":"ListItem","position":1,"name":"Accueil","item":"https:\/\/www.capenergie.fr\/catalogue\/"},{"@type":"ListItem","position":2,"name":"\u00c9lectrification d&rsquo;une exploitation avicole dans la Sarthe"}]},{"@type":"WebSite","@id":"https:\/\/www.capenergie.fr\/catalogue\/#website","url":"https:\/\/www.capenergie.fr\/catalogue\/","name":"","description":"","potentialAction":[{"@type":"SearchAction","target":{"@type":"EntryPoint","urlTemplate":"https:\/\/www.capenergie.fr\/catalogue\/?s={search_term_string}"},"query-input":{"@type":"PropertyValueSpecification","valueRequired":true,"valueName":"search_term_string"}}],"inLanguage":"fr-FR"},{"@type":"Person","@id":"https:\/\/www.capenergie.fr\/catalogue\/#\/schema\/person\/c1e5dc0736e73e21ed6f5c42e9165758","name":"CapEnergie","image":{"@type":"ImageObject","inLanguage":"fr-FR","@id":"https:\/\/secure.gravatar.com\/avatar\/e86900fa3e6cfefb8da4bccb0bee500373948df131308c7f77d2a0a51098df2b?s=96&d=mm&r=g","url":"https:\/\/secure.gravatar.com\/avatar\/e86900fa3e6cfefb8da4bccb0bee500373948df131308c7f77d2a0a51098df2b?s=96&d=mm&r=g","contentUrl":"https:\/\/secure.gravatar.com\/avatar\/e86900fa3e6cfefb8da4bccb0bee500373948df131308c7f77d2a0a51098df2b?s=96&d=mm&r=g","caption":"CapEnergie"}}]}},"_links":{"self":[{"href":"http:\/\/www.capenergie.fr\/catalogue\/wp-json\/wp\/v2\/posts\/5924","targetHints":{"allow":["GET"]}}],"collection":[{"href":"http:\/\/www.capenergie.fr\/catalogue\/wp-json\/wp\/v2\/posts"}],"about":[{"href":"http:\/\/www.capenergie.fr\/catalogue\/wp-json\/wp\/v2\/types\/post"}],"author":[{"embeddable":true,"href":"http:\/\/www.capenergie.fr\/catalogue\/wp-json\/wp\/v2\/users\/1"}],"replies":[{"embeddable":true,"href":"http:\/\/www.capenergie.fr\/catalogue\/wp-json\/wp\/v2\/comments?post=5924"}],"version-history":[{"count":5,"href":"http:\/\/www.capenergie.fr\/catalogue\/wp-json\/wp\/v2\/posts\/5924\/revisions"}],"predecessor-version":[{"id":5934,"href":"http:\/\/www.capenergie.fr\/catalogue\/wp-json\/wp\/v2\/posts\/5924\/revisions\/5934"}],"wp:featuredmedia":[{"embeddable":true,"href":"http:\/\/www.capenergie.fr\/catalogue\/wp-json\/wp\/v2\/media\/5929"}],"wp:attachment":[{"href":"http:\/\/www.capenergie.fr\/catalogue\/wp-json\/wp\/v2\/media?parent=5924"}],"wp:term":[{"taxonomy":"category","embeddable":true,"href":"http:\/\/www.capenergie.fr\/catalogue\/wp-json\/wp\/v2\/categories?post=5924"},{"taxonomy":"post_tag","embeddable":true,"href":"http:\/\/www.capenergie.fr\/catalogue\/wp-json\/wp\/v2\/tags?post=5924"}],"curies":[{"name":"wp","href":"https:\/\/api.w.org\/{rel}","templated":true}]}}