{"id":5847,"date":"2025-09-09T11:48:41","date_gmt":"2025-09-09T09:48:41","guid":{"rendered":"https:\/\/www.capenergie.fr\/catalogue\/?p=5847"},"modified":"2025-10-08T11:45:43","modified_gmt":"2025-10-08T09:45:43","slug":"arrete-tva-reduite-solaire-photovoltaique","status":"publish","type":"post","link":"http:\/\/www.capenergie.fr\/catalogue\/actualite\/arrete-tva-reduite-solaire-photovoltaique.html","title":{"rendered":"TVA r\u00e9duite \u00e0 5,5 % sous conditions"},"content":{"rendered":"<p><img decoding=\"async\" src=\"\/catalogue\/wp-content\/uploads\/2025\/09\/arrete-tva-photovoltaique.jpg\" alt=\"solaire TVA r\u00e9duite \u00e0 5,5 %\" width=\"100%\" class=\"aligncenter size-full wp-image-5849\" srcset=\"http:\/\/www.capenergie.fr\/catalogue\/wp-content\/uploads\/2025\/09\/arrete-tva-photovoltaique.jpg 800w, http:\/\/www.capenergie.fr\/catalogue\/wp-content\/uploads\/2025\/09\/arrete-tva-photovoltaique-300x186.jpg 300w, http:\/\/www.capenergie.fr\/catalogue\/wp-content\/uploads\/2025\/09\/arrete-tva-photovoltaique-768x476.jpg 768w\" sizes=\"(max-width: 800px) 100vw, 800px\" \/><\/p>\n<p>Un <strong>arr\u00eat\u00e9 officialisant l\u2019application d\u2019une TVA r\u00e9duite \u00e0 5,5 % pour les installations photovolta\u00efques<\/strong> de moins de 9 kWc a \u00e9t\u00e9 publi\u00e9 au Journal Officiel. Pr\u00e9vu pour entrer en vigueur le 1er octobre, il confirme la version discut\u00e9e au Conseil sup\u00e9rieur de l\u2019\u00e9nergie, sans retenir les propositions \u00e9cart\u00e9es par le gouvernement, comme l\u2019exigence d\u2019un installateur certifi\u00e9 RGE.<\/p>\n<p>La principale nouveaut\u00e9 introduite concerne l\u2019obligation d\u2019un syst\u00e8me de gestion de l\u2019\u00e9nergie capable de suivre en temps r\u00e9el la production et la consommation, tout en optimisant l\u2019autoconsommation. Toutefois, les crit\u00e8res techniques retenus pour d\u00e9finir les panneaux \u00e9ligibles sont jug\u00e9s trop stricts par la fili\u00e8re, qui redoute que peu de modules disponibles puissent b\u00e9n\u00e9ficier du taux r\u00e9duit.<\/p>\n<p>Le gouvernement pr\u00e9sente ce dispositif comme un levier pour acc\u00e9l\u00e9rer la transition \u00e9nerg\u00e9tique, soutenir la fili\u00e8re solaire et encourager l\u2019autonomie des m\u00e9nages. Mais les professionnels craignent que l\u2019impact reste limit\u00e9 si l\u2019\u00e9ligibilit\u00e9 n\u2019est pas \u00e9largie, risquant ainsi de freiner les particuliers int\u00e9ress\u00e9s.<\/p>\n<h2>L\u2019arr\u00eat\u00e9 TVA r\u00e9duite \u00e0 5,5 % pour les installations photovolta\u00efques<\/h2>\n<p>La publication de l\u2019arr\u00eat\u00e9 constitue donc une avanc\u00e9e r\u00e9glementaire importante, mais son efficacit\u00e9 r\u00e9elle d\u00e9pendra de la mani\u00e8re dont le march\u00e9 et les acteurs s\u2019adapteront \u00e0 ces conditions restrictives.<\/p>\n<p>T\u00e9l\u00e9charger sur ce lien, l&rsquo;<a href=\"https:\/\/pdf.capenergie.fr\/doc-actu\/arrete-tva-reduite-2025-09.pdf\" title=\"arr\u00eat\u00e9 officialisant l\u2019application d\u2019une TVA r\u00e9duite \u00e0 5,5 % pour le solaire photovolta\u00efque\" target=\"_blank\">arr\u00eat\u00e9 officialisant l\u2019application d\u2019une TVA r\u00e9duite \u00e0 5,5 % pour le solaire photovolta\u00efque<\/a><\/p>\n","protected":false},"excerpt":{"rendered":"<p>Un arr\u00eat\u00e9 officialisant l\u2019application d\u2019une TVA r\u00e9duite \u00e0 5,5 % pour les installations photovolta\u00efques de moins de 9 kWc a \u00e9t\u00e9 publi\u00e9 au Journal Officiel. Pr\u00e9vu pour entrer en vigueur le 1er octobre, il confirme la version discut\u00e9e au Conseil sup\u00e9rieur de l\u2019\u00e9nergie, sans retenir les propositions \u00e9cart\u00e9es par le gouvernement, comme l\u2019exigence d\u2019un installateur&hellip;&nbsp;<a href=\"http:\/\/www.capenergie.fr\/catalogue\/actualite\/arrete-tva-reduite-solaire-photovoltaique.html\" rel=\"bookmark\"><span class=\"screen-reader-text\">TVA r\u00e9duite \u00e0 5,5 % sous conditions<\/span><\/a><\/p>\n","protected":false},"author":1,"featured_media":5849,"comment_status":"closed","ping_status":"closed","sticky":false,"template":"","format":"standard","meta":{"neve_meta_sidebar":"","neve_meta_container":"","neve_meta_enable_content_width":"off","neve_meta_content_width":70,"neve_meta_title_alignment":"","neve_meta_author_avatar":"","neve_post_elements_order":"","neve_meta_disable_header":"","neve_meta_disable_footer":"","neve_meta_disable_title":"","ngg_post_thumbnail":0,"_themeisle_gutenberg_block_has_review":false,"footnotes":""},"categories":[7],"tags":[],"class_list":["post-5847","post","type-post","status-publish","format-standard","has-post-thumbnail","hentry","category-actualite"],"yoast_head":"<!-- This site is optimized with the Yoast SEO plugin v27.5 - https:\/\/yoast.com\/product\/yoast-seo-wordpress\/ -->\n<title>L\u2019arr\u00eat\u00e9 TVA r\u00e9duite \u00e0 5,5 % pour les installations photovolta\u00efques<\/title>\n<meta name=\"description\" content=\"L\u2019arr\u00eat\u00e9 TVA r\u00e9duite \u00e0 5,5 % pour les installations photovolta\u00efques de moins de 9 kWc a \u00e9t\u00e9 publi\u00e9 au Journal Officiel. Pr\u00e9vu pour entrer en vigueur le 1er octobre.\" \/>\n<meta name=\"robots\" content=\"index, follow, max-snippet:-1, max-image-preview:large, max-video-preview:-1\" \/>\n<link rel=\"canonical\" href=\"https:\/\/www.capenergie.fr\/catalogue\/actualite\/arrete-tva-reduite-solaire-photovoltaique.html\" \/>\n<meta property=\"og:locale\" content=\"fr_FR\" \/>\n<meta property=\"og:type\" content=\"article\" \/>\n<meta property=\"og:title\" content=\"L\u2019arr\u00eat\u00e9 TVA r\u00e9duite \u00e0 5,5 % pour les installations photovolta\u00efques\" \/>\n<meta property=\"og:description\" content=\"L\u2019arr\u00eat\u00e9 TVA r\u00e9duite \u00e0 5,5 % pour les installations photovolta\u00efques de moins de 9 kWc a \u00e9t\u00e9 publi\u00e9 au Journal Officiel. Pr\u00e9vu pour entrer en vigueur le 1er octobre.\" \/>\n<meta property=\"og:url\" content=\"https:\/\/www.capenergie.fr\/catalogue\/actualite\/arrete-tva-reduite-solaire-photovoltaique.html\" \/>\n<meta property=\"article:published_time\" content=\"2025-09-09T09:48:41+00:00\" \/>\n<meta property=\"article:modified_time\" content=\"2025-10-08T09:45:43+00:00\" \/>\n<meta property=\"og:image\" content=\"https:\/\/www.capenergie.fr\/catalogue\/wp-content\/uploads\/2025\/09\/arrete-tva-photovoltaique.jpg\" \/>\n\t<meta property=\"og:image:width\" content=\"800\" \/>\n\t<meta property=\"og:image:height\" content=\"496\" \/>\n\t<meta property=\"og:image:type\" content=\"image\/jpeg\" \/>\n<meta name=\"author\" content=\"CapEnergie\" \/>\n<meta name=\"twitter:label1\" content=\"\u00c9crit par\" \/>\n\t<meta name=\"twitter:data1\" content=\"CapEnergie\" \/>\n\t<meta name=\"twitter:label2\" content=\"Dur\u00e9e de lecture estim\u00e9e\" \/>\n\t<meta name=\"twitter:data2\" content=\"2 minutes\" \/>\n<script type=\"application\/ld+json\" class=\"yoast-schema-graph\">{\"@context\":\"https:\\\/\\\/schema.org\",\"@graph\":[{\"@type\":\"Article\",\"@id\":\"https:\\\/\\\/www.capenergie.fr\\\/catalogue\\\/actualite\\\/arrete-tva-reduite-solaire-photovoltaique.html#article\",\"isPartOf\":{\"@id\":\"https:\\\/\\\/www.capenergie.fr\\\/catalogue\\\/actualite\\\/arrete-tva-reduite-solaire-photovoltaique.html\"},\"author\":{\"name\":\"CapEnergie\",\"@id\":\"https:\\\/\\\/www.capenergie.fr\\\/catalogue\\\/#\\\/schema\\\/person\\\/c1e5dc0736e73e21ed6f5c42e9165758\"},\"headline\":\"TVA r\u00e9duite \u00e0 5,5 % sous conditions\",\"datePublished\":\"2025-09-09T09:48:41+00:00\",\"dateModified\":\"2025-10-08T09:45:43+00:00\",\"mainEntityOfPage\":{\"@id\":\"https:\\\/\\\/www.capenergie.fr\\\/catalogue\\\/actualite\\\/arrete-tva-reduite-solaire-photovoltaique.html\"},\"wordCount\":262,\"image\":{\"@id\":\"https:\\\/\\\/www.capenergie.fr\\\/catalogue\\\/actualite\\\/arrete-tva-reduite-solaire-photovoltaique.html#primaryimage\"},\"thumbnailUrl\":\"http:\\\/\\\/www.capenergie.fr\\\/catalogue\\\/wp-content\\\/uploads\\\/2025\\\/09\\\/arrete-tva-photovoltaique.jpg\",\"articleSection\":[\"Actualit\u00e9\"],\"inLanguage\":\"fr-FR\"},{\"@type\":\"WebPage\",\"@id\":\"https:\\\/\\\/www.capenergie.fr\\\/catalogue\\\/actualite\\\/arrete-tva-reduite-solaire-photovoltaique.html\",\"url\":\"https:\\\/\\\/www.capenergie.fr\\\/catalogue\\\/actualite\\\/arrete-tva-reduite-solaire-photovoltaique.html\",\"name\":\"L\u2019arr\u00eat\u00e9 TVA r\u00e9duite \u00e0 5,5 % pour les installations photovolta\u00efques\",\"isPartOf\":{\"@id\":\"https:\\\/\\\/www.capenergie.fr\\\/catalogue\\\/#website\"},\"primaryImageOfPage\":{\"@id\":\"https:\\\/\\\/www.capenergie.fr\\\/catalogue\\\/actualite\\\/arrete-tva-reduite-solaire-photovoltaique.html#primaryimage\"},\"image\":{\"@id\":\"https:\\\/\\\/www.capenergie.fr\\\/catalogue\\\/actualite\\\/arrete-tva-reduite-solaire-photovoltaique.html#primaryimage\"},\"thumbnailUrl\":\"http:\\\/\\\/www.capenergie.fr\\\/catalogue\\\/wp-content\\\/uploads\\\/2025\\\/09\\\/arrete-tva-photovoltaique.jpg\",\"datePublished\":\"2025-09-09T09:48:41+00:00\",\"dateModified\":\"2025-10-08T09:45:43+00:00\",\"author\":{\"@id\":\"https:\\\/\\\/www.capenergie.fr\\\/catalogue\\\/#\\\/schema\\\/person\\\/c1e5dc0736e73e21ed6f5c42e9165758\"},\"description\":\"L\u2019arr\u00eat\u00e9 TVA r\u00e9duite \u00e0 5,5 % pour les installations photovolta\u00efques de moins de 9 kWc a \u00e9t\u00e9 publi\u00e9 au Journal Officiel. Pr\u00e9vu pour entrer en vigueur le 1er octobre.\",\"breadcrumb\":{\"@id\":\"https:\\\/\\\/www.capenergie.fr\\\/catalogue\\\/actualite\\\/arrete-tva-reduite-solaire-photovoltaique.html#breadcrumb\"},\"inLanguage\":\"fr-FR\",\"potentialAction\":[{\"@type\":\"ReadAction\",\"target\":[\"https:\\\/\\\/www.capenergie.fr\\\/catalogue\\\/actualite\\\/arrete-tva-reduite-solaire-photovoltaique.html\"]}]},{\"@type\":\"ImageObject\",\"inLanguage\":\"fr-FR\",\"@id\":\"https:\\\/\\\/www.capenergie.fr\\\/catalogue\\\/actualite\\\/arrete-tva-reduite-solaire-photovoltaique.html#primaryimage\",\"url\":\"http:\\\/\\\/www.capenergie.fr\\\/catalogue\\\/wp-content\\\/uploads\\\/2025\\\/09\\\/arrete-tva-photovoltaique.jpg\",\"contentUrl\":\"http:\\\/\\\/www.capenergie.fr\\\/catalogue\\\/wp-content\\\/uploads\\\/2025\\\/09\\\/arrete-tva-photovoltaique.jpg\",\"width\":800,\"height\":496,\"caption\":\"solaire TVA r\u00e9duite \u00e0 5,5 %\"},{\"@type\":\"BreadcrumbList\",\"@id\":\"https:\\\/\\\/www.capenergie.fr\\\/catalogue\\\/actualite\\\/arrete-tva-reduite-solaire-photovoltaique.html#breadcrumb\",\"itemListElement\":[{\"@type\":\"ListItem\",\"position\":1,\"name\":\"Accueil\",\"item\":\"http:\\\/\\\/www.capenergie.fr\\\/catalogue\\\/\"},{\"@type\":\"ListItem\",\"position\":2,\"name\":\"TVA r\u00e9duite \u00e0 5,5 % sous conditions\"}]},{\"@type\":\"WebSite\",\"@id\":\"https:\\\/\\\/www.capenergie.fr\\\/catalogue\\\/#website\",\"url\":\"https:\\\/\\\/www.capenergie.fr\\\/catalogue\\\/\",\"name\":\"\",\"description\":\"\",\"potentialAction\":[{\"@type\":\"SearchAction\",\"target\":{\"@type\":\"EntryPoint\",\"urlTemplate\":\"https:\\\/\\\/www.capenergie.fr\\\/catalogue\\\/?s={search_term_string}\"},\"query-input\":{\"@type\":\"PropertyValueSpecification\",\"valueRequired\":true,\"valueName\":\"search_term_string\"}}],\"inLanguage\":\"fr-FR\"},{\"@type\":\"Person\",\"@id\":\"https:\\\/\\\/www.capenergie.fr\\\/catalogue\\\/#\\\/schema\\\/person\\\/c1e5dc0736e73e21ed6f5c42e9165758\",\"name\":\"CapEnergie\",\"image\":{\"@type\":\"ImageObject\",\"inLanguage\":\"fr-FR\",\"@id\":\"https:\\\/\\\/secure.gravatar.com\\\/avatar\\\/e86900fa3e6cfefb8da4bccb0bee500373948df131308c7f77d2a0a51098df2b?s=96&d=mm&r=g\",\"url\":\"https:\\\/\\\/secure.gravatar.com\\\/avatar\\\/e86900fa3e6cfefb8da4bccb0bee500373948df131308c7f77d2a0a51098df2b?s=96&d=mm&r=g\",\"contentUrl\":\"https:\\\/\\\/secure.gravatar.com\\\/avatar\\\/e86900fa3e6cfefb8da4bccb0bee500373948df131308c7f77d2a0a51098df2b?s=96&d=mm&r=g\",\"caption\":\"CapEnergie\"}}]}<\/script>\n<!-- \/ Yoast SEO plugin. -->","yoast_head_json":{"title":"L\u2019arr\u00eat\u00e9 TVA r\u00e9duite \u00e0 5,5 % pour les installations photovolta\u00efques","description":"L\u2019arr\u00eat\u00e9 TVA r\u00e9duite \u00e0 5,5 % pour les installations photovolta\u00efques de moins de 9 kWc a \u00e9t\u00e9 publi\u00e9 au Journal Officiel. Pr\u00e9vu pour entrer en vigueur le 1er octobre.","robots":{"index":"index","follow":"follow","max-snippet":"max-snippet:-1","max-image-preview":"max-image-preview:large","max-video-preview":"max-video-preview:-1"},"canonical":"https:\/\/www.capenergie.fr\/catalogue\/actualite\/arrete-tva-reduite-solaire-photovoltaique.html","og_locale":"fr_FR","og_type":"article","og_title":"L\u2019arr\u00eat\u00e9 TVA r\u00e9duite \u00e0 5,5 % pour les installations photovolta\u00efques","og_description":"L\u2019arr\u00eat\u00e9 TVA r\u00e9duite \u00e0 5,5 % pour les installations photovolta\u00efques de moins de 9 kWc a \u00e9t\u00e9 publi\u00e9 au Journal Officiel. Pr\u00e9vu pour entrer en vigueur le 1er octobre.","og_url":"https:\/\/www.capenergie.fr\/catalogue\/actualite\/arrete-tva-reduite-solaire-photovoltaique.html","article_published_time":"2025-09-09T09:48:41+00:00","article_modified_time":"2025-10-08T09:45:43+00:00","og_image":[{"width":800,"height":496,"url":"https:\/\/www.capenergie.fr\/catalogue\/wp-content\/uploads\/2025\/09\/arrete-tva-photovoltaique.jpg","type":"image\/jpeg"}],"author":"CapEnergie","twitter_misc":{"\u00c9crit par":"CapEnergie","Dur\u00e9e de lecture estim\u00e9e":"2 minutes"},"schema":{"@context":"https:\/\/schema.org","@graph":[{"@type":"Article","@id":"https:\/\/www.capenergie.fr\/catalogue\/actualite\/arrete-tva-reduite-solaire-photovoltaique.html#article","isPartOf":{"@id":"https:\/\/www.capenergie.fr\/catalogue\/actualite\/arrete-tva-reduite-solaire-photovoltaique.html"},"author":{"name":"CapEnergie","@id":"https:\/\/www.capenergie.fr\/catalogue\/#\/schema\/person\/c1e5dc0736e73e21ed6f5c42e9165758"},"headline":"TVA r\u00e9duite \u00e0 5,5 % sous conditions","datePublished":"2025-09-09T09:48:41+00:00","dateModified":"2025-10-08T09:45:43+00:00","mainEntityOfPage":{"@id":"https:\/\/www.capenergie.fr\/catalogue\/actualite\/arrete-tva-reduite-solaire-photovoltaique.html"},"wordCount":262,"image":{"@id":"https:\/\/www.capenergie.fr\/catalogue\/actualite\/arrete-tva-reduite-solaire-photovoltaique.html#primaryimage"},"thumbnailUrl":"http:\/\/www.capenergie.fr\/catalogue\/wp-content\/uploads\/2025\/09\/arrete-tva-photovoltaique.jpg","articleSection":["Actualit\u00e9"],"inLanguage":"fr-FR"},{"@type":"WebPage","@id":"https:\/\/www.capenergie.fr\/catalogue\/actualite\/arrete-tva-reduite-solaire-photovoltaique.html","url":"https:\/\/www.capenergie.fr\/catalogue\/actualite\/arrete-tva-reduite-solaire-photovoltaique.html","name":"L\u2019arr\u00eat\u00e9 TVA r\u00e9duite \u00e0 5,5 % pour les installations photovolta\u00efques","isPartOf":{"@id":"https:\/\/www.capenergie.fr\/catalogue\/#website"},"primaryImageOfPage":{"@id":"https:\/\/www.capenergie.fr\/catalogue\/actualite\/arrete-tva-reduite-solaire-photovoltaique.html#primaryimage"},"image":{"@id":"https:\/\/www.capenergie.fr\/catalogue\/actualite\/arrete-tva-reduite-solaire-photovoltaique.html#primaryimage"},"thumbnailUrl":"http:\/\/www.capenergie.fr\/catalogue\/wp-content\/uploads\/2025\/09\/arrete-tva-photovoltaique.jpg","datePublished":"2025-09-09T09:48:41+00:00","dateModified":"2025-10-08T09:45:43+00:00","author":{"@id":"https:\/\/www.capenergie.fr\/catalogue\/#\/schema\/person\/c1e5dc0736e73e21ed6f5c42e9165758"},"description":"L\u2019arr\u00eat\u00e9 TVA r\u00e9duite \u00e0 5,5 % pour les installations photovolta\u00efques de moins de 9 kWc a \u00e9t\u00e9 publi\u00e9 au Journal Officiel. Pr\u00e9vu pour entrer en vigueur le 1er octobre.","breadcrumb":{"@id":"https:\/\/www.capenergie.fr\/catalogue\/actualite\/arrete-tva-reduite-solaire-photovoltaique.html#breadcrumb"},"inLanguage":"fr-FR","potentialAction":[{"@type":"ReadAction","target":["https:\/\/www.capenergie.fr\/catalogue\/actualite\/arrete-tva-reduite-solaire-photovoltaique.html"]}]},{"@type":"ImageObject","inLanguage":"fr-FR","@id":"https:\/\/www.capenergie.fr\/catalogue\/actualite\/arrete-tva-reduite-solaire-photovoltaique.html#primaryimage","url":"http:\/\/www.capenergie.fr\/catalogue\/wp-content\/uploads\/2025\/09\/arrete-tva-photovoltaique.jpg","contentUrl":"http:\/\/www.capenergie.fr\/catalogue\/wp-content\/uploads\/2025\/09\/arrete-tva-photovoltaique.jpg","width":800,"height":496,"caption":"solaire TVA r\u00e9duite \u00e0 5,5 %"},{"@type":"BreadcrumbList","@id":"https:\/\/www.capenergie.fr\/catalogue\/actualite\/arrete-tva-reduite-solaire-photovoltaique.html#breadcrumb","itemListElement":[{"@type":"ListItem","position":1,"name":"Accueil","item":"http:\/\/www.capenergie.fr\/catalogue\/"},{"@type":"ListItem","position":2,"name":"TVA r\u00e9duite \u00e0 5,5 % sous conditions"}]},{"@type":"WebSite","@id":"https:\/\/www.capenergie.fr\/catalogue\/#website","url":"https:\/\/www.capenergie.fr\/catalogue\/","name":"","description":"","potentialAction":[{"@type":"SearchAction","target":{"@type":"EntryPoint","urlTemplate":"https:\/\/www.capenergie.fr\/catalogue\/?s={search_term_string}"},"query-input":{"@type":"PropertyValueSpecification","valueRequired":true,"valueName":"search_term_string"}}],"inLanguage":"fr-FR"},{"@type":"Person","@id":"https:\/\/www.capenergie.fr\/catalogue\/#\/schema\/person\/c1e5dc0736e73e21ed6f5c42e9165758","name":"CapEnergie","image":{"@type":"ImageObject","inLanguage":"fr-FR","@id":"https:\/\/secure.gravatar.com\/avatar\/e86900fa3e6cfefb8da4bccb0bee500373948df131308c7f77d2a0a51098df2b?s=96&d=mm&r=g","url":"https:\/\/secure.gravatar.com\/avatar\/e86900fa3e6cfefb8da4bccb0bee500373948df131308c7f77d2a0a51098df2b?s=96&d=mm&r=g","contentUrl":"https:\/\/secure.gravatar.com\/avatar\/e86900fa3e6cfefb8da4bccb0bee500373948df131308c7f77d2a0a51098df2b?s=96&d=mm&r=g","caption":"CapEnergie"}}]}},"_links":{"self":[{"href":"http:\/\/www.capenergie.fr\/catalogue\/wp-json\/wp\/v2\/posts\/5847","targetHints":{"allow":["GET"]}}],"collection":[{"href":"http:\/\/www.capenergie.fr\/catalogue\/wp-json\/wp\/v2\/posts"}],"about":[{"href":"http:\/\/www.capenergie.fr\/catalogue\/wp-json\/wp\/v2\/types\/post"}],"author":[{"embeddable":true,"href":"http:\/\/www.capenergie.fr\/catalogue\/wp-json\/wp\/v2\/users\/1"}],"replies":[{"embeddable":true,"href":"http:\/\/www.capenergie.fr\/catalogue\/wp-json\/wp\/v2\/comments?post=5847"}],"version-history":[{"count":6,"href":"http:\/\/www.capenergie.fr\/catalogue\/wp-json\/wp\/v2\/posts\/5847\/revisions"}],"predecessor-version":[{"id":5869,"href":"http:\/\/www.capenergie.fr\/catalogue\/wp-json\/wp\/v2\/posts\/5847\/revisions\/5869"}],"wp:featuredmedia":[{"embeddable":true,"href":"http:\/\/www.capenergie.fr\/catalogue\/wp-json\/wp\/v2\/media\/5849"}],"wp:attachment":[{"href":"http:\/\/www.capenergie.fr\/catalogue\/wp-json\/wp\/v2\/media?parent=5847"}],"wp:term":[{"taxonomy":"category","embeddable":true,"href":"http:\/\/www.capenergie.fr\/catalogue\/wp-json\/wp\/v2\/categories?post=5847"},{"taxonomy":"post_tag","embeddable":true,"href":"http:\/\/www.capenergie.fr\/catalogue\/wp-json\/wp\/v2\/tags?post=5847"}],"curies":[{"name":"wp","href":"https:\/\/api.w.org\/{rel}","templated":true}]}}