{"id":1860,"date":"2015-05-04T10:37:54","date_gmt":"2015-05-04T08:37:54","guid":{"rendered":"http:\/\/www.capenergie.fr\/catalogue\/?p=1860"},"modified":"2015-05-04T10:50:57","modified_gmt":"2015-05-04T08:50:57","slug":"photovoltaique-les-tarifs-dachats-pour-le-second-trimestre-2015","status":"publish","type":"post","link":"http:\/\/www.capenergie.fr\/catalogue\/actualite\/photovoltaique-les-tarifs-dachats-pour-le-second-trimestre-2015.html","title":{"rendered":"Photovolta\u00efque : Les tarifs d&rsquo;achats pour le second trimestre 2015"},"content":{"rendered":"<p>La Commission de r\u00e9gulation de l&rsquo;\u00e9nergie vient d&rsquo;\u00e9diter les coefficients  des tarifs d&rsquo;achat photovolta\u00efque pour le second trimestre 2015 dont la p\u00e9riode va du 1er avril au dernier jour du mois de juin. Ces tarifs seront vraisemblablement une nouvelle fois revus \u00e0 la baisse puisque les  installations int\u00e9gr\u00e9es au b\u00e2ti pour des installations de 0 \u00e0 9kW devraient voir le tarif d&rsquo;achat baisser \u00e0 26,15 cts\u20ac\/kWh.<br \/>\nLes tarifs \u00e9volues \u00e9galement \u00e0 la baisse pour les installations b\u00e9n\u00e9ficiant du tarif d&rsquo;achat pour l&rsquo;int\u00e9gration simplifi\u00e9e puisqu&rsquo;il \u00e9volue de 13,47 cts \u20ac\/kWh vers 13,20 cts \u20ac\/kWh pour une installation de 0 \u00e0 36 kW tandis que le tarif baisse de 12,79 cts \u20ac\/kWh \u00e0 12,53 cts \u20ac\/kWh pour les installations de 36 \u00e0 100 kW. Les autres types d&rsquo;installations voient \u00e9galement leur tarif d&rsquo;achat baisser de 6.62 cts \u20ac\/kWh \u00e0 6,45 cts \u20ac\/kWh.<\/p>\n<p>Ci-dessous le tableaux des tarifs d&rsquo;achats, pour la p\u00e9riode du 1\/04\/14 au 30\/06\/14 publi\u00e9 par le blog Tecsol<\/p>\n<table border=\"0\" width=\"372\" cellspacing=\"0\" cellpadding=\"0\">\n<tbody>\n<tr>\n<td width=\"175\">\u00a0<\/td>\n<td width=\"97\">\u00a0<\/td>\n<td width=\"9\">\u00a0<\/td>\n<td width=\"91\">\u00a0<\/td>\n<\/tr>\n<tr>\n<td bgcolor=\"#333333\" width=\"139\">\n<p style=\"color: #fff; margin-left: 10px;\">Type d&rsquo;int\u00e9gration<\/p>\n<\/td>\n<td width=\"76\">\n<p align=\"center\"><strong>Puissance kWc<\/strong><\/p>\n<\/td>\n<td width=\"6\"><strong><br \/> <\/strong><\/td>\n<td>\n<p align=\"center\"><strong>Base<\/strong><\/p>\n<\/td>\n<\/tr>\n<tr>\n<td bgcolor=\"#333333\" width=\"139\">\n<p style=\"color: #fff; margin-left: 10px;\">T1 : int\u00e9gr\u00e9 au b\u00e2ti<\/p>\n<\/td>\n<td width=\"76\">\n<p align=\"center\">0-9<\/p>\n<\/td>\n<td width=\"6\">\u00a0<\/td>\n<td>\n<p align=\"center\">26.15 cts<\/p>\n<\/td>\n<\/tr>\n<tr>\n<td bgcolor=\"#333333\" width=\"139\">\n<p style=\"color: #fff; margin-left: 10px;\">T4 : int\u00e9gration simplifi\u00e9e<\/p>\n<\/td>\n<td width=\"76\">\n<p align=\"center\">0-36<\/p>\n<\/td>\n<td width=\"6\">\n<p align=\"center\">\u00a0<\/p>\n<\/td>\n<td>\n<p align=\"center\">13.20 cts<\/p>\n<\/td>\n<\/tr>\n<tr>\n<td bgcolor=\"#333333\" width=\"139\">\n<p align=\"center\">\u00a0<\/p>\n<\/td>\n<td width=\"76\">\n<p align=\"center\">36-100<\/p>\n<\/td>\n<td width=\"6\">\n<p align=\"center\">\u00a0<\/p>\n<\/td>\n<td>\n<p align=\"center\">12.53 cts<\/p>\n<\/td>\n<\/tr>\n<tr>\n<td bgcolor=\"#333333\" width=\"139\">\n<p style=\"color: #fff; margin-left: 10px;\">T5 : tout type d&rsquo;installation<\/p>\n<\/td>\n<td width=\"76\">\n<p align=\"center\">0-12000<\/p>\n<\/td>\n<td width=\"6\">\n<p align=\"center\">\u00a0<\/p>\n<\/td>\n<td>\n<p align=\"center\">6.45 cts<\/p>\n<\/td>\n<\/tr>\n<\/tbody>\n<\/table>\n<p>Notons que S\u00e9gol\u00e8ne Royal a annonc\u00e9 une \u00e9volution positive dans les jours prochains concernant le tarif d&rsquo;achat T4 (int\u00e9gration simplifi\u00e9e) pour les toitures de moins de 1000 m2 avec une r\u00e9\u00e9valuation \u00e0 13,25 cts \u20ac\/kWh pour les installations de 36 \u00e0 100kW ainsi qu&rsquo;une r\u00e9\u00e9valuation \u00e0 13,95 cts \u20ac\/kWh concernant les installations 0 \u00e0 36 kW. A suivre&#8230;<\/p>\n<p>A not\u00e9 \u00e9galement cette semaine la mise en ligne de notre boutique en ligne sp\u00e9ciale <a href=\"http:\/\/www.site-isole.fr\" target=\"_blank\" title=\"site isol\u00e9\">site isol\u00e9<\/a> d\u00e9di\u00e9e sp\u00e9cifiquement aux particuliers pour tous les accessoires Off Grid mais \u00e9galement aux pro avec une rubrique &quot;\u00e9quipement pro&quot; d\u00e9di\u00e9e pour le moment au v\u00eatements de travail. Nous compl\u00e8terons prochainement cette rubrique par la gamme d&rsquo;outillage Makita et la gamme de protection Camp. <\/p>\n","protected":false},"excerpt":{"rendered":"<p>La Commission de r\u00e9gulation de l&rsquo;\u00e9nergie vient d&rsquo;\u00e9diter les coefficients des tarifs d&rsquo;achat photovolta\u00efque pour le second trimestre 2015 dont la p\u00e9riode va du 1er avril au dernier jour du mois de juin. Ces tarifs seront vraisemblablement une nouvelle fois revus \u00e0 la baisse puisque les installations int\u00e9gr\u00e9es au b\u00e2ti pour des installations de 0&hellip;&nbsp;<a href=\"http:\/\/www.capenergie.fr\/catalogue\/actualite\/photovoltaique-les-tarifs-dachats-pour-le-second-trimestre-2015.html\" rel=\"bookmark\"><span class=\"screen-reader-text\">Photovolta\u00efque : Les tarifs d&rsquo;achats pour le second trimestre 2015<\/span><\/a><\/p>\n","protected":false},"author":1,"featured_media":0,"comment_status":"closed","ping_status":"closed","sticky":false,"template":"","format":"standard","meta":{"neve_meta_sidebar":"","neve_meta_container":"","neve_meta_enable_content_width":"","neve_meta_content_width":0,"neve_meta_title_alignment":"","neve_meta_author_avatar":"","neve_post_elements_order":"","neve_meta_disable_header":"","neve_meta_disable_footer":"","neve_meta_disable_title":"","ngg_post_thumbnail":0,"_themeisle_gutenberg_block_has_review":false,"footnotes":""},"categories":[7],"tags":[],"class_list":["post-1860","post","type-post","status-publish","format-standard","hentry","category-actualite"],"yoast_head":"<!-- This site is optimized with the Yoast SEO plugin v27.5 - https:\/\/yoast.com\/product\/yoast-seo-wordpress\/ -->\n<title>Les tarifs d&#039;achats pour le second trimestre 2015<\/title>\n<meta name=\"description\" content=\"Tarifs d&#039;achats pour le second trimestre 2015, S\u00e9gol\u00e8ne Royal a annonc\u00e9 une \u00e9volution positive dans les jours prochains concernant le tarif d&#039;achat T4 (int\u00e9gration simplifi\u00e9e)\" \/>\n<meta name=\"robots\" content=\"index, follow, max-snippet:-1, max-image-preview:large, max-video-preview:-1\" \/>\n<link rel=\"canonical\" href=\"http:\/\/www.capenergie.fr\/catalogue\/actualite\/photovoltaique-les-tarifs-dachats-pour-le-second-trimestre-2015.html\" \/>\n<meta property=\"og:locale\" content=\"fr_FR\" \/>\n<meta property=\"og:type\" content=\"article\" \/>\n<meta property=\"og:title\" content=\"Les tarifs d&#039;achats pour le second trimestre 2015\" \/>\n<meta property=\"og:description\" content=\"Tarifs d&#039;achats pour le second trimestre 2015, S\u00e9gol\u00e8ne Royal a annonc\u00e9 une \u00e9volution positive dans les jours prochains concernant le tarif d&#039;achat T4 (int\u00e9gration simplifi\u00e9e)\" \/>\n<meta property=\"og:url\" content=\"http:\/\/www.capenergie.fr\/catalogue\/actualite\/photovoltaique-les-tarifs-dachats-pour-le-second-trimestre-2015.html\" \/>\n<meta property=\"article:published_time\" content=\"2015-05-04T08:37:54+00:00\" \/>\n<meta property=\"article:modified_time\" content=\"2015-05-04T08:50:57+00:00\" \/>\n<meta name=\"author\" content=\"CapEnergie\" \/>\n<meta name=\"twitter:label1\" content=\"\u00c9crit par\" \/>\n\t<meta name=\"twitter:data1\" content=\"CapEnergie\" \/>\n\t<meta name=\"twitter:label2\" content=\"Dur\u00e9e de lecture estim\u00e9e\" \/>\n\t<meta name=\"twitter:data2\" content=\"1 minute\" \/>\n<script type=\"application\/ld+json\" class=\"yoast-schema-graph\">{\"@context\":\"https:\\\/\\\/schema.org\",\"@graph\":[{\"@type\":\"Article\",\"@id\":\"http:\\\/\\\/www.capenergie.fr\\\/catalogue\\\/actualite\\\/photovoltaique-les-tarifs-dachats-pour-le-second-trimestre-2015.html#article\",\"isPartOf\":{\"@id\":\"http:\\\/\\\/www.capenergie.fr\\\/catalogue\\\/actualite\\\/photovoltaique-les-tarifs-dachats-pour-le-second-trimestre-2015.html\"},\"author\":{\"name\":\"CapEnergie\",\"@id\":\"https:\\\/\\\/www.capenergie.fr\\\/catalogue\\\/#\\\/schema\\\/person\\\/c1e5dc0736e73e21ed6f5c42e9165758\"},\"headline\":\"Photovolta\u00efque : Les tarifs d&rsquo;achats pour le second trimestre 2015\",\"datePublished\":\"2015-05-04T08:37:54+00:00\",\"dateModified\":\"2015-05-04T08:50:57+00:00\",\"mainEntityOfPage\":{\"@id\":\"http:\\\/\\\/www.capenergie.fr\\\/catalogue\\\/actualite\\\/photovoltaique-les-tarifs-dachats-pour-le-second-trimestre-2015.html\"},\"wordCount\":325,\"articleSection\":[\"Actualit\u00e9\"],\"inLanguage\":\"fr-FR\"},{\"@type\":\"WebPage\",\"@id\":\"http:\\\/\\\/www.capenergie.fr\\\/catalogue\\\/actualite\\\/photovoltaique-les-tarifs-dachats-pour-le-second-trimestre-2015.html\",\"url\":\"http:\\\/\\\/www.capenergie.fr\\\/catalogue\\\/actualite\\\/photovoltaique-les-tarifs-dachats-pour-le-second-trimestre-2015.html\",\"name\":\"Les tarifs d'achats pour le second trimestre 2015\",\"isPartOf\":{\"@id\":\"https:\\\/\\\/www.capenergie.fr\\\/catalogue\\\/#website\"},\"datePublished\":\"2015-05-04T08:37:54+00:00\",\"dateModified\":\"2015-05-04T08:50:57+00:00\",\"author\":{\"@id\":\"https:\\\/\\\/www.capenergie.fr\\\/catalogue\\\/#\\\/schema\\\/person\\\/c1e5dc0736e73e21ed6f5c42e9165758\"},\"description\":\"Tarifs d'achats pour le second trimestre 2015, S\u00e9gol\u00e8ne Royal a annonc\u00e9 une \u00e9volution positive dans les jours prochains concernant le tarif d'achat T4 (int\u00e9gration simplifi\u00e9e)\",\"breadcrumb\":{\"@id\":\"http:\\\/\\\/www.capenergie.fr\\\/catalogue\\\/actualite\\\/photovoltaique-les-tarifs-dachats-pour-le-second-trimestre-2015.html#breadcrumb\"},\"inLanguage\":\"fr-FR\",\"potentialAction\":[{\"@type\":\"ReadAction\",\"target\":[\"http:\\\/\\\/www.capenergie.fr\\\/catalogue\\\/actualite\\\/photovoltaique-les-tarifs-dachats-pour-le-second-trimestre-2015.html\"]}]},{\"@type\":\"BreadcrumbList\",\"@id\":\"http:\\\/\\\/www.capenergie.fr\\\/catalogue\\\/actualite\\\/photovoltaique-les-tarifs-dachats-pour-le-second-trimestre-2015.html#breadcrumb\",\"itemListElement\":[{\"@type\":\"ListItem\",\"position\":1,\"name\":\"Accueil\",\"item\":\"http:\\\/\\\/www.capenergie.fr\\\/catalogue\\\/\"},{\"@type\":\"ListItem\",\"position\":2,\"name\":\"Photovolta\u00efque : Les tarifs d&rsquo;achats pour le second trimestre 2015\"}]},{\"@type\":\"WebSite\",\"@id\":\"https:\\\/\\\/www.capenergie.fr\\\/catalogue\\\/#website\",\"url\":\"https:\\\/\\\/www.capenergie.fr\\\/catalogue\\\/\",\"name\":\"\",\"description\":\"\",\"potentialAction\":[{\"@type\":\"SearchAction\",\"target\":{\"@type\":\"EntryPoint\",\"urlTemplate\":\"https:\\\/\\\/www.capenergie.fr\\\/catalogue\\\/?s={search_term_string}\"},\"query-input\":{\"@type\":\"PropertyValueSpecification\",\"valueRequired\":true,\"valueName\":\"search_term_string\"}}],\"inLanguage\":\"fr-FR\"},{\"@type\":\"Person\",\"@id\":\"https:\\\/\\\/www.capenergie.fr\\\/catalogue\\\/#\\\/schema\\\/person\\\/c1e5dc0736e73e21ed6f5c42e9165758\",\"name\":\"CapEnergie\",\"image\":{\"@type\":\"ImageObject\",\"inLanguage\":\"fr-FR\",\"@id\":\"https:\\\/\\\/secure.gravatar.com\\\/avatar\\\/e86900fa3e6cfefb8da4bccb0bee500373948df131308c7f77d2a0a51098df2b?s=96&d=mm&r=g\",\"url\":\"https:\\\/\\\/secure.gravatar.com\\\/avatar\\\/e86900fa3e6cfefb8da4bccb0bee500373948df131308c7f77d2a0a51098df2b?s=96&d=mm&r=g\",\"contentUrl\":\"https:\\\/\\\/secure.gravatar.com\\\/avatar\\\/e86900fa3e6cfefb8da4bccb0bee500373948df131308c7f77d2a0a51098df2b?s=96&d=mm&r=g\",\"caption\":\"CapEnergie\"}}]}<\/script>\n<!-- \/ Yoast SEO plugin. -->","yoast_head_json":{"title":"Les tarifs d'achats pour le second trimestre 2015","description":"Tarifs d'achats pour le second trimestre 2015, S\u00e9gol\u00e8ne Royal a annonc\u00e9 une \u00e9volution positive dans les jours prochains concernant le tarif d'achat T4 (int\u00e9gration simplifi\u00e9e)","robots":{"index":"index","follow":"follow","max-snippet":"max-snippet:-1","max-image-preview":"max-image-preview:large","max-video-preview":"max-video-preview:-1"},"canonical":"http:\/\/www.capenergie.fr\/catalogue\/actualite\/photovoltaique-les-tarifs-dachats-pour-le-second-trimestre-2015.html","og_locale":"fr_FR","og_type":"article","og_title":"Les tarifs d'achats pour le second trimestre 2015","og_description":"Tarifs d'achats pour le second trimestre 2015, S\u00e9gol\u00e8ne Royal a annonc\u00e9 une \u00e9volution positive dans les jours prochains concernant le tarif d'achat T4 (int\u00e9gration simplifi\u00e9e)","og_url":"http:\/\/www.capenergie.fr\/catalogue\/actualite\/photovoltaique-les-tarifs-dachats-pour-le-second-trimestre-2015.html","article_published_time":"2015-05-04T08:37:54+00:00","article_modified_time":"2015-05-04T08:50:57+00:00","author":"CapEnergie","twitter_misc":{"\u00c9crit par":"CapEnergie","Dur\u00e9e de lecture estim\u00e9e":"1 minute"},"schema":{"@context":"https:\/\/schema.org","@graph":[{"@type":"Article","@id":"http:\/\/www.capenergie.fr\/catalogue\/actualite\/photovoltaique-les-tarifs-dachats-pour-le-second-trimestre-2015.html#article","isPartOf":{"@id":"http:\/\/www.capenergie.fr\/catalogue\/actualite\/photovoltaique-les-tarifs-dachats-pour-le-second-trimestre-2015.html"},"author":{"name":"CapEnergie","@id":"https:\/\/www.capenergie.fr\/catalogue\/#\/schema\/person\/c1e5dc0736e73e21ed6f5c42e9165758"},"headline":"Photovolta\u00efque : Les tarifs d&rsquo;achats pour le second trimestre 2015","datePublished":"2015-05-04T08:37:54+00:00","dateModified":"2015-05-04T08:50:57+00:00","mainEntityOfPage":{"@id":"http:\/\/www.capenergie.fr\/catalogue\/actualite\/photovoltaique-les-tarifs-dachats-pour-le-second-trimestre-2015.html"},"wordCount":325,"articleSection":["Actualit\u00e9"],"inLanguage":"fr-FR"},{"@type":"WebPage","@id":"http:\/\/www.capenergie.fr\/catalogue\/actualite\/photovoltaique-les-tarifs-dachats-pour-le-second-trimestre-2015.html","url":"http:\/\/www.capenergie.fr\/catalogue\/actualite\/photovoltaique-les-tarifs-dachats-pour-le-second-trimestre-2015.html","name":"Les tarifs d'achats pour le second trimestre 2015","isPartOf":{"@id":"https:\/\/www.capenergie.fr\/catalogue\/#website"},"datePublished":"2015-05-04T08:37:54+00:00","dateModified":"2015-05-04T08:50:57+00:00","author":{"@id":"https:\/\/www.capenergie.fr\/catalogue\/#\/schema\/person\/c1e5dc0736e73e21ed6f5c42e9165758"},"description":"Tarifs d'achats pour le second trimestre 2015, S\u00e9gol\u00e8ne Royal a annonc\u00e9 une \u00e9volution positive dans les jours prochains concernant le tarif d'achat T4 (int\u00e9gration simplifi\u00e9e)","breadcrumb":{"@id":"http:\/\/www.capenergie.fr\/catalogue\/actualite\/photovoltaique-les-tarifs-dachats-pour-le-second-trimestre-2015.html#breadcrumb"},"inLanguage":"fr-FR","potentialAction":[{"@type":"ReadAction","target":["http:\/\/www.capenergie.fr\/catalogue\/actualite\/photovoltaique-les-tarifs-dachats-pour-le-second-trimestre-2015.html"]}]},{"@type":"BreadcrumbList","@id":"http:\/\/www.capenergie.fr\/catalogue\/actualite\/photovoltaique-les-tarifs-dachats-pour-le-second-trimestre-2015.html#breadcrumb","itemListElement":[{"@type":"ListItem","position":1,"name":"Accueil","item":"http:\/\/www.capenergie.fr\/catalogue\/"},{"@type":"ListItem","position":2,"name":"Photovolta\u00efque : Les tarifs d&rsquo;achats pour le second trimestre 2015"}]},{"@type":"WebSite","@id":"https:\/\/www.capenergie.fr\/catalogue\/#website","url":"https:\/\/www.capenergie.fr\/catalogue\/","name":"","description":"","potentialAction":[{"@type":"SearchAction","target":{"@type":"EntryPoint","urlTemplate":"https:\/\/www.capenergie.fr\/catalogue\/?s={search_term_string}"},"query-input":{"@type":"PropertyValueSpecification","valueRequired":true,"valueName":"search_term_string"}}],"inLanguage":"fr-FR"},{"@type":"Person","@id":"https:\/\/www.capenergie.fr\/catalogue\/#\/schema\/person\/c1e5dc0736e73e21ed6f5c42e9165758","name":"CapEnergie","image":{"@type":"ImageObject","inLanguage":"fr-FR","@id":"https:\/\/secure.gravatar.com\/avatar\/e86900fa3e6cfefb8da4bccb0bee500373948df131308c7f77d2a0a51098df2b?s=96&d=mm&r=g","url":"https:\/\/secure.gravatar.com\/avatar\/e86900fa3e6cfefb8da4bccb0bee500373948df131308c7f77d2a0a51098df2b?s=96&d=mm&r=g","contentUrl":"https:\/\/secure.gravatar.com\/avatar\/e86900fa3e6cfefb8da4bccb0bee500373948df131308c7f77d2a0a51098df2b?s=96&d=mm&r=g","caption":"CapEnergie"}}]}},"_links":{"self":[{"href":"http:\/\/www.capenergie.fr\/catalogue\/wp-json\/wp\/v2\/posts\/1860","targetHints":{"allow":["GET"]}}],"collection":[{"href":"http:\/\/www.capenergie.fr\/catalogue\/wp-json\/wp\/v2\/posts"}],"about":[{"href":"http:\/\/www.capenergie.fr\/catalogue\/wp-json\/wp\/v2\/types\/post"}],"author":[{"embeddable":true,"href":"http:\/\/www.capenergie.fr\/catalogue\/wp-json\/wp\/v2\/users\/1"}],"replies":[{"embeddable":true,"href":"http:\/\/www.capenergie.fr\/catalogue\/wp-json\/wp\/v2\/comments?post=1860"}],"version-history":[{"count":3,"href":"http:\/\/www.capenergie.fr\/catalogue\/wp-json\/wp\/v2\/posts\/1860\/revisions"}],"predecessor-version":[{"id":1863,"href":"http:\/\/www.capenergie.fr\/catalogue\/wp-json\/wp\/v2\/posts\/1860\/revisions\/1863"}],"wp:attachment":[{"href":"http:\/\/www.capenergie.fr\/catalogue\/wp-json\/wp\/v2\/media?parent=1860"}],"wp:term":[{"taxonomy":"category","embeddable":true,"href":"http:\/\/www.capenergie.fr\/catalogue\/wp-json\/wp\/v2\/categories?post=1860"},{"taxonomy":"post_tag","embeddable":true,"href":"http:\/\/www.capenergie.fr\/catalogue\/wp-json\/wp\/v2\/tags?post=1860"}],"curies":[{"name":"wp","href":"https:\/\/api.w.org\/{rel}","templated":true}]}}