{"id":1518,"date":"2014-06-13T10:42:23","date_gmt":"2014-06-13T08:42:23","guid":{"rendered":"http:\/\/www.capenergie.fr\/catalogue\/?p=1518"},"modified":"2014-06-13T10:42:23","modified_gmt":"2014-06-13T08:42:23","slug":"sharp-nouveau-toit-du-monde","status":"publish","type":"post","link":"http:\/\/www.capenergie.fr\/catalogue\/actualite\/sharp-nouveau-toit-du-monde.html","title":{"rendered":"Sharp \u00e0 nouveau sur le to\u00eet du monde"},"content":{"rendered":"<p> <strong>Suite \u00e0 une quasi absence de  Sharp depuis 5 ans dans le secteur du photovolta\u00efque, le fabricant japonais retrouve (Selon NPD Solarbuzz) la premi\u00e8re place des ventes sur le premier trimestre 2014.<\/strong><br \/>\n  La renaissance de Sharp est sans aucun doute due \u00e0 son changement totale de politique en mati\u00e8re de sous-traitance mais \u00e9galement \u00e0 une forte  croissance des \u00e9nergies alternatives sur le march\u00e9 japonais suite \u00e0 la catastrophe de Fukushima.<\/p>\n<p>Sharp num\u00e9ro 1 du  photovolta\u00efque entre 1963 et 2008, avant l&rsquo;arriv\u00e9e de la Chine dans ce secteur d&rsquo;activit\u00e9. Les Chinois s&#8217;emparaient du march\u00e9 du photovolta\u00efque entre 2009 et 2014, mais cette ann\u00e9e 2014 est \u00e0 marquer d&rsquo;une pierre blanche puisque c&rsquo;est la premi\u00e8re fois depuis 5 ans qu&rsquo;un fournisseur de panneaux non-chinois prend la t\u00eate du march\u00e9  photovolta\u00efque.<\/p>\n<h2>Evolution des ventes de panneaux sharp depuis 2010<\/h2>\n<h2><\/h2>\n<p><img fetchpriority=\"high\" decoding=\"async\" src=\"http:\/\/www.capenergie.fr\/catalogue\/wp-content\/uploads\/2014\/06\/shrap-leader-vente-photovoltaique.png\" alt=\"sharp leader vente photovoltaique\" width=\"580\" height=\"317\" class=\"aligncenter size-full wp-image-1520\" srcset=\"http:\/\/www.capenergie.fr\/catalogue\/wp-content\/uploads\/2014\/06\/shrap-leader-vente-photovoltaique.png 580w, http:\/\/www.capenergie.fr\/catalogue\/wp-content\/uploads\/2014\/06\/shrap-leader-vente-photovoltaique-300x163.png 300w, http:\/\/www.capenergie.fr\/catalogue\/wp-content\/uploads\/2014\/06\/shrap-leader-vente-photovoltaique-500x273.png 500w\" sizes=\"(max-width: 580px) 100vw, 580px\" \/><\/p>\n","protected":false},"excerpt":{"rendered":"<p>Suite \u00e0 une quasi absence de Sharp depuis 5 ans dans le secteur du photovolta\u00efque, le fabricant japonais retrouve (Selon NPD Solarbuzz) la premi\u00e8re place des ventes sur le premier trimestre 2014. La renaissance de Sharp est sans aucun doute due \u00e0 son changement totale de politique en mati\u00e8re de sous-traitance mais \u00e9galement \u00e0 une&hellip;&nbsp;<a href=\"http:\/\/www.capenergie.fr\/catalogue\/actualite\/sharp-nouveau-toit-du-monde.html\" rel=\"bookmark\"><span class=\"screen-reader-text\">Sharp \u00e0 nouveau sur le to\u00eet du monde<\/span><\/a><\/p>\n","protected":false},"author":1,"featured_media":0,"comment_status":"closed","ping_status":"closed","sticky":false,"template":"","format":"standard","meta":{"neve_meta_sidebar":"","neve_meta_container":"","neve_meta_enable_content_width":"","neve_meta_content_width":0,"neve_meta_title_alignment":"","neve_meta_author_avatar":"","neve_post_elements_order":"","neve_meta_disable_header":"","neve_meta_disable_footer":"","neve_meta_disable_title":"","ngg_post_thumbnail":0,"_themeisle_gutenberg_block_has_review":false,"footnotes":""},"categories":[7],"tags":[],"class_list":["post-1518","post","type-post","status-publish","format-standard","hentry","category-actualite"],"yoast_head":"<!-- This site is optimized with the Yoast SEO plugin v27.5 - https:\/\/yoast.com\/product\/yoast-seo-wordpress\/ -->\n<title>Sharp \u00e0 nouveau sur le to\u00eet du monde<\/title>\n<meta name=\"description\" content=\"Suite \u00e0 une quasi absence de Sharp depuis 5 ans dans le secteur du photovolta\u00efque, le fabricant japonais retrouve (Selon NPD Solarbuzz) la premi\u00e8re place des ventes sur le premier trimestre 2014.\" \/>\n<meta name=\"robots\" content=\"index, follow, max-snippet:-1, max-image-preview:large, max-video-preview:-1\" \/>\n<link rel=\"canonical\" href=\"https:\/\/www.capenergie.fr\/catalogue\/actualite\/sharp-nouveau-toit-du-monde.html\" \/>\n<meta property=\"og:locale\" content=\"fr_FR\" \/>\n<meta property=\"og:type\" content=\"article\" \/>\n<meta property=\"og:title\" content=\"Sharp \u00e0 nouveau sur le to\u00eet du monde\" \/>\n<meta property=\"og:description\" content=\"Suite \u00e0 une quasi absence de Sharp depuis 5 ans dans le secteur du photovolta\u00efque, le fabricant japonais retrouve (Selon NPD Solarbuzz) la premi\u00e8re place des ventes sur le premier trimestre 2014.\" \/>\n<meta property=\"og:url\" content=\"https:\/\/www.capenergie.fr\/catalogue\/actualite\/sharp-nouveau-toit-du-monde.html\" \/>\n<meta property=\"article:published_time\" content=\"2014-06-13T08:42:23+00:00\" \/>\n<meta property=\"og:image\" content=\"http:\/\/www.capenergie.fr\/catalogue\/wp-content\/uploads\/2014\/06\/shrap-leader-vente-photovoltaique.png\" \/>\n<meta name=\"author\" content=\"CapEnergie\" \/>\n<meta name=\"twitter:label1\" content=\"\u00c9crit par\" \/>\n\t<meta name=\"twitter:data1\" content=\"CapEnergie\" \/>\n\t<meta name=\"twitter:label2\" content=\"Dur\u00e9e de lecture estim\u00e9e\" \/>\n\t<meta name=\"twitter:data2\" content=\"1 minute\" \/>\n<script type=\"application\/ld+json\" class=\"yoast-schema-graph\">{\"@context\":\"https:\\\/\\\/schema.org\",\"@graph\":[{\"@type\":\"Article\",\"@id\":\"https:\\\/\\\/www.capenergie.fr\\\/catalogue\\\/actualite\\\/sharp-nouveau-toit-du-monde.html#article\",\"isPartOf\":{\"@id\":\"https:\\\/\\\/www.capenergie.fr\\\/catalogue\\\/actualite\\\/sharp-nouveau-toit-du-monde.html\"},\"author\":{\"name\":\"CapEnergie\",\"@id\":\"https:\\\/\\\/www.capenergie.fr\\\/catalogue\\\/#\\\/schema\\\/person\\\/c1e5dc0736e73e21ed6f5c42e9165758\"},\"headline\":\"Sharp \u00e0 nouveau sur le to\u00eet du monde\",\"datePublished\":\"2014-06-13T08:42:23+00:00\",\"mainEntityOfPage\":{\"@id\":\"https:\\\/\\\/www.capenergie.fr\\\/catalogue\\\/actualite\\\/sharp-nouveau-toit-du-monde.html\"},\"wordCount\":146,\"image\":{\"@id\":\"https:\\\/\\\/www.capenergie.fr\\\/catalogue\\\/actualite\\\/sharp-nouveau-toit-du-monde.html#primaryimage\"},\"thumbnailUrl\":\"http:\\\/\\\/www.capenergie.fr\\\/catalogue\\\/wp-content\\\/uploads\\\/2014\\\/06\\\/shrap-leader-vente-photovoltaique.png\",\"articleSection\":[\"Actualit\u00e9\"],\"inLanguage\":\"fr-FR\"},{\"@type\":\"WebPage\",\"@id\":\"https:\\\/\\\/www.capenergie.fr\\\/catalogue\\\/actualite\\\/sharp-nouveau-toit-du-monde.html\",\"url\":\"https:\\\/\\\/www.capenergie.fr\\\/catalogue\\\/actualite\\\/sharp-nouveau-toit-du-monde.html\",\"name\":\"Sharp \u00e0 nouveau sur le to\u00eet du monde\",\"isPartOf\":{\"@id\":\"https:\\\/\\\/www.capenergie.fr\\\/catalogue\\\/#website\"},\"primaryImageOfPage\":{\"@id\":\"https:\\\/\\\/www.capenergie.fr\\\/catalogue\\\/actualite\\\/sharp-nouveau-toit-du-monde.html#primaryimage\"},\"image\":{\"@id\":\"https:\\\/\\\/www.capenergie.fr\\\/catalogue\\\/actualite\\\/sharp-nouveau-toit-du-monde.html#primaryimage\"},\"thumbnailUrl\":\"http:\\\/\\\/www.capenergie.fr\\\/catalogue\\\/wp-content\\\/uploads\\\/2014\\\/06\\\/shrap-leader-vente-photovoltaique.png\",\"datePublished\":\"2014-06-13T08:42:23+00:00\",\"author\":{\"@id\":\"https:\\\/\\\/www.capenergie.fr\\\/catalogue\\\/#\\\/schema\\\/person\\\/c1e5dc0736e73e21ed6f5c42e9165758\"},\"description\":\"Suite \u00e0 une quasi absence de Sharp depuis 5 ans dans le secteur du photovolta\u00efque, le fabricant japonais retrouve (Selon NPD Solarbuzz) la premi\u00e8re place des ventes sur le premier trimestre 2014.\",\"breadcrumb\":{\"@id\":\"https:\\\/\\\/www.capenergie.fr\\\/catalogue\\\/actualite\\\/sharp-nouveau-toit-du-monde.html#breadcrumb\"},\"inLanguage\":\"fr-FR\",\"potentialAction\":[{\"@type\":\"ReadAction\",\"target\":[\"https:\\\/\\\/www.capenergie.fr\\\/catalogue\\\/actualite\\\/sharp-nouveau-toit-du-monde.html\"]}]},{\"@type\":\"ImageObject\",\"inLanguage\":\"fr-FR\",\"@id\":\"https:\\\/\\\/www.capenergie.fr\\\/catalogue\\\/actualite\\\/sharp-nouveau-toit-du-monde.html#primaryimage\",\"url\":\"http:\\\/\\\/www.capenergie.fr\\\/catalogue\\\/wp-content\\\/uploads\\\/2014\\\/06\\\/shrap-leader-vente-photovoltaique.png\",\"contentUrl\":\"http:\\\/\\\/www.capenergie.fr\\\/catalogue\\\/wp-content\\\/uploads\\\/2014\\\/06\\\/shrap-leader-vente-photovoltaique.png\"},{\"@type\":\"BreadcrumbList\",\"@id\":\"https:\\\/\\\/www.capenergie.fr\\\/catalogue\\\/actualite\\\/sharp-nouveau-toit-du-monde.html#breadcrumb\",\"itemListElement\":[{\"@type\":\"ListItem\",\"position\":1,\"name\":\"Accueil\",\"item\":\"http:\\\/\\\/www.capenergie.fr\\\/catalogue\\\/\"},{\"@type\":\"ListItem\",\"position\":2,\"name\":\"Sharp \u00e0 nouveau sur le to\u00eet du monde\"}]},{\"@type\":\"WebSite\",\"@id\":\"https:\\\/\\\/www.capenergie.fr\\\/catalogue\\\/#website\",\"url\":\"https:\\\/\\\/www.capenergie.fr\\\/catalogue\\\/\",\"name\":\"\",\"description\":\"\",\"potentialAction\":[{\"@type\":\"SearchAction\",\"target\":{\"@type\":\"EntryPoint\",\"urlTemplate\":\"https:\\\/\\\/www.capenergie.fr\\\/catalogue\\\/?s={search_term_string}\"},\"query-input\":{\"@type\":\"PropertyValueSpecification\",\"valueRequired\":true,\"valueName\":\"search_term_string\"}}],\"inLanguage\":\"fr-FR\"},{\"@type\":\"Person\",\"@id\":\"https:\\\/\\\/www.capenergie.fr\\\/catalogue\\\/#\\\/schema\\\/person\\\/c1e5dc0736e73e21ed6f5c42e9165758\",\"name\":\"CapEnergie\",\"image\":{\"@type\":\"ImageObject\",\"inLanguage\":\"fr-FR\",\"@id\":\"https:\\\/\\\/secure.gravatar.com\\\/avatar\\\/e86900fa3e6cfefb8da4bccb0bee500373948df131308c7f77d2a0a51098df2b?s=96&d=mm&r=g\",\"url\":\"https:\\\/\\\/secure.gravatar.com\\\/avatar\\\/e86900fa3e6cfefb8da4bccb0bee500373948df131308c7f77d2a0a51098df2b?s=96&d=mm&r=g\",\"contentUrl\":\"https:\\\/\\\/secure.gravatar.com\\\/avatar\\\/e86900fa3e6cfefb8da4bccb0bee500373948df131308c7f77d2a0a51098df2b?s=96&d=mm&r=g\",\"caption\":\"CapEnergie\"}}]}<\/script>\n<!-- \/ Yoast SEO plugin. -->","yoast_head_json":{"title":"Sharp \u00e0 nouveau sur le to\u00eet du monde","description":"Suite \u00e0 une quasi absence de Sharp depuis 5 ans dans le secteur du photovolta\u00efque, le fabricant japonais retrouve (Selon NPD Solarbuzz) la premi\u00e8re place des ventes sur le premier trimestre 2014.","robots":{"index":"index","follow":"follow","max-snippet":"max-snippet:-1","max-image-preview":"max-image-preview:large","max-video-preview":"max-video-preview:-1"},"canonical":"https:\/\/www.capenergie.fr\/catalogue\/actualite\/sharp-nouveau-toit-du-monde.html","og_locale":"fr_FR","og_type":"article","og_title":"Sharp \u00e0 nouveau sur le to\u00eet du monde","og_description":"Suite \u00e0 une quasi absence de Sharp depuis 5 ans dans le secteur du photovolta\u00efque, le fabricant japonais retrouve (Selon NPD Solarbuzz) la premi\u00e8re place des ventes sur le premier trimestre 2014.","og_url":"https:\/\/www.capenergie.fr\/catalogue\/actualite\/sharp-nouveau-toit-du-monde.html","article_published_time":"2014-06-13T08:42:23+00:00","og_image":[{"url":"http:\/\/www.capenergie.fr\/catalogue\/wp-content\/uploads\/2014\/06\/shrap-leader-vente-photovoltaique.png","type":"","width":"","height":""}],"author":"CapEnergie","twitter_misc":{"\u00c9crit par":"CapEnergie","Dur\u00e9e de lecture estim\u00e9e":"1 minute"},"schema":{"@context":"https:\/\/schema.org","@graph":[{"@type":"Article","@id":"https:\/\/www.capenergie.fr\/catalogue\/actualite\/sharp-nouveau-toit-du-monde.html#article","isPartOf":{"@id":"https:\/\/www.capenergie.fr\/catalogue\/actualite\/sharp-nouveau-toit-du-monde.html"},"author":{"name":"CapEnergie","@id":"https:\/\/www.capenergie.fr\/catalogue\/#\/schema\/person\/c1e5dc0736e73e21ed6f5c42e9165758"},"headline":"Sharp \u00e0 nouveau sur le to\u00eet du monde","datePublished":"2014-06-13T08:42:23+00:00","mainEntityOfPage":{"@id":"https:\/\/www.capenergie.fr\/catalogue\/actualite\/sharp-nouveau-toit-du-monde.html"},"wordCount":146,"image":{"@id":"https:\/\/www.capenergie.fr\/catalogue\/actualite\/sharp-nouveau-toit-du-monde.html#primaryimage"},"thumbnailUrl":"http:\/\/www.capenergie.fr\/catalogue\/wp-content\/uploads\/2014\/06\/shrap-leader-vente-photovoltaique.png","articleSection":["Actualit\u00e9"],"inLanguage":"fr-FR"},{"@type":"WebPage","@id":"https:\/\/www.capenergie.fr\/catalogue\/actualite\/sharp-nouveau-toit-du-monde.html","url":"https:\/\/www.capenergie.fr\/catalogue\/actualite\/sharp-nouveau-toit-du-monde.html","name":"Sharp \u00e0 nouveau sur le to\u00eet du monde","isPartOf":{"@id":"https:\/\/www.capenergie.fr\/catalogue\/#website"},"primaryImageOfPage":{"@id":"https:\/\/www.capenergie.fr\/catalogue\/actualite\/sharp-nouveau-toit-du-monde.html#primaryimage"},"image":{"@id":"https:\/\/www.capenergie.fr\/catalogue\/actualite\/sharp-nouveau-toit-du-monde.html#primaryimage"},"thumbnailUrl":"http:\/\/www.capenergie.fr\/catalogue\/wp-content\/uploads\/2014\/06\/shrap-leader-vente-photovoltaique.png","datePublished":"2014-06-13T08:42:23+00:00","author":{"@id":"https:\/\/www.capenergie.fr\/catalogue\/#\/schema\/person\/c1e5dc0736e73e21ed6f5c42e9165758"},"description":"Suite \u00e0 une quasi absence de Sharp depuis 5 ans dans le secteur du photovolta\u00efque, le fabricant japonais retrouve (Selon NPD Solarbuzz) la premi\u00e8re place des ventes sur le premier trimestre 2014.","breadcrumb":{"@id":"https:\/\/www.capenergie.fr\/catalogue\/actualite\/sharp-nouveau-toit-du-monde.html#breadcrumb"},"inLanguage":"fr-FR","potentialAction":[{"@type":"ReadAction","target":["https:\/\/www.capenergie.fr\/catalogue\/actualite\/sharp-nouveau-toit-du-monde.html"]}]},{"@type":"ImageObject","inLanguage":"fr-FR","@id":"https:\/\/www.capenergie.fr\/catalogue\/actualite\/sharp-nouveau-toit-du-monde.html#primaryimage","url":"http:\/\/www.capenergie.fr\/catalogue\/wp-content\/uploads\/2014\/06\/shrap-leader-vente-photovoltaique.png","contentUrl":"http:\/\/www.capenergie.fr\/catalogue\/wp-content\/uploads\/2014\/06\/shrap-leader-vente-photovoltaique.png"},{"@type":"BreadcrumbList","@id":"https:\/\/www.capenergie.fr\/catalogue\/actualite\/sharp-nouveau-toit-du-monde.html#breadcrumb","itemListElement":[{"@type":"ListItem","position":1,"name":"Accueil","item":"http:\/\/www.capenergie.fr\/catalogue\/"},{"@type":"ListItem","position":2,"name":"Sharp \u00e0 nouveau sur le to\u00eet du monde"}]},{"@type":"WebSite","@id":"https:\/\/www.capenergie.fr\/catalogue\/#website","url":"https:\/\/www.capenergie.fr\/catalogue\/","name":"","description":"","potentialAction":[{"@type":"SearchAction","target":{"@type":"EntryPoint","urlTemplate":"https:\/\/www.capenergie.fr\/catalogue\/?s={search_term_string}"},"query-input":{"@type":"PropertyValueSpecification","valueRequired":true,"valueName":"search_term_string"}}],"inLanguage":"fr-FR"},{"@type":"Person","@id":"https:\/\/www.capenergie.fr\/catalogue\/#\/schema\/person\/c1e5dc0736e73e21ed6f5c42e9165758","name":"CapEnergie","image":{"@type":"ImageObject","inLanguage":"fr-FR","@id":"https:\/\/secure.gravatar.com\/avatar\/e86900fa3e6cfefb8da4bccb0bee500373948df131308c7f77d2a0a51098df2b?s=96&d=mm&r=g","url":"https:\/\/secure.gravatar.com\/avatar\/e86900fa3e6cfefb8da4bccb0bee500373948df131308c7f77d2a0a51098df2b?s=96&d=mm&r=g","contentUrl":"https:\/\/secure.gravatar.com\/avatar\/e86900fa3e6cfefb8da4bccb0bee500373948df131308c7f77d2a0a51098df2b?s=96&d=mm&r=g","caption":"CapEnergie"}}]}},"_links":{"self":[{"href":"http:\/\/www.capenergie.fr\/catalogue\/wp-json\/wp\/v2\/posts\/1518","targetHints":{"allow":["GET"]}}],"collection":[{"href":"http:\/\/www.capenergie.fr\/catalogue\/wp-json\/wp\/v2\/posts"}],"about":[{"href":"http:\/\/www.capenergie.fr\/catalogue\/wp-json\/wp\/v2\/types\/post"}],"author":[{"embeddable":true,"href":"http:\/\/www.capenergie.fr\/catalogue\/wp-json\/wp\/v2\/users\/1"}],"replies":[{"embeddable":true,"href":"http:\/\/www.capenergie.fr\/catalogue\/wp-json\/wp\/v2\/comments?post=1518"}],"version-history":[{"count":2,"href":"http:\/\/www.capenergie.fr\/catalogue\/wp-json\/wp\/v2\/posts\/1518\/revisions"}],"predecessor-version":[{"id":1521,"href":"http:\/\/www.capenergie.fr\/catalogue\/wp-json\/wp\/v2\/posts\/1518\/revisions\/1521"}],"wp:attachment":[{"href":"http:\/\/www.capenergie.fr\/catalogue\/wp-json\/wp\/v2\/media?parent=1518"}],"wp:term":[{"taxonomy":"category","embeddable":true,"href":"http:\/\/www.capenergie.fr\/catalogue\/wp-json\/wp\/v2\/categories?post=1518"},{"taxonomy":"post_tag","embeddable":true,"href":"http:\/\/www.capenergie.fr\/catalogue\/wp-json\/wp\/v2\/tags?post=1518"}],"curies":[{"name":"wp","href":"https:\/\/api.w.org\/{rel}","templated":true}]}}