{"id":1438,"date":"2014-02-28T11:02:03","date_gmt":"2014-02-28T10:02:03","guid":{"rendered":"http:\/\/www.capenergie.fr\/catalogue\/?p=1438"},"modified":"2014-03-06T10:24:09","modified_gmt":"2014-03-06T09:24:09","slug":"projet-portant-abrogation-arrete-bonification-tarifaire-made-in-europe","status":"publish","type":"post","link":"http:\/\/www.capenergie.fr\/catalogue\/actualite\/projet-portant-abrogation-arrete-bonification-tarifaire-made-in-europe.html","title":{"rendered":"Projet portant abrogation de l&rsquo;arr\u00eat\u00e9 de bonification tarifaire \u00ab\u00a0Made in Europe\u00a0\u00bb"},"content":{"rendered":"<p><strong>Le Conseil Sup\u00e9rieur de L&rsquo;Energie vient de transmettre un projet d&rsquo;arr\u00eat\u00e9 portant sur l&rsquo;abrogation de l&rsquo;arr\u00eat\u00e9 de bonification tarifaire pour les modules fabriqu\u00e9s en Europe (majoration de 5% ou 10% en fonction des composants fabriqu\u00e9 en Europe).<\/strong><\/p>\n<p>Lors du mois de septembre dernier, la Commission Europ\u00e9enne a mis en demeure le Gouvernement Hollande de suprimer cet arr\u00eat\u00e9, consid\u00e9rant que les dispositions de majoration tarifaire de 5% ou 10% constituaient une entrave totalement injustifi\u00e9e \u00e0  la libre circulation des modules photovolta\u00efques l\u00e9galement mis en libre pratique dans d&rsquo;autres Etats de l&rsquo;espace europ\u00e9en. A la vue de ces \u00e9l\u00e9ments, le gouvernement Hollande a indiqu\u00e9 en fin d&rsquo;ann\u00e9e \u00e0  la Commission  que cet arr\u00eat\u00e9 serait abrog\u00e9.<br \/>\n  <strong><br \/>\nCe projet d&rsquo;abrogation sera \u00e9tudi\u00e9 par le Conseil Sup\u00e9rieur de l&rsquo;Energie le 12 mars 2014<\/strong>.<\/p>\n<p>Sur le dernier  projet d&rsquo;arr\u00eat\u00e9 d&rsquo;abrogation, l&rsquo;annulation de la majoration de 5% ou 10% ne concerne aucunement les installations dont les producteurs ont envoy\u00e9 \u00e0  l&rsquo;acheteur une demande valide de majoration dans les conditions pr\u00e9vues par l&rsquo;arr\u00eat\u00e9 actuel avant la date de publication de l&rsquo;abrogation.<br \/>\n  <strong><br \/>\nGain de cause sur la r\u00e9troactivi\u00e9<\/strong><\/p>\n<p>Suite \u00e0 une forte mobilisation sur le projet d\u2019arr\u00eat\u00e9 d\u2019abrogation du bonus tarifaire, les acteurs du photovolta\u00efque fran\u00e7ais ont obtenu gain de cause sure le motif de la r\u00e9troactivit\u00e9.<br \/>\nLe gouvernement Hollande propose un <a href=\"http:\/\/pdf.capenergie.fr\/doc-actu\/Arrete-Abrogation-Bonification-140305.pdf\" target=\"_blank\">amendement<\/a> \u00e0 son propre texte initial, qui assouplit les conditions de b\u00e9n\u00e9fice du tarif bonifi\u00e9, en faisant r\u00e9f\u00e9rence \u00e0 la demande compl\u00e8te de raccordement et non pas \u00e0 la demande de bonification et en instaurant une date limite pour le d\u00e9p\u00f4t des demandes, fix\u00e9e au 10 mars 2014. <\/p>\n<p>A lire : le document &quot;<a href=\"http:\/\/pdf.capenergie.fr\/doc-actu\/projetArrtAbrogationBonificationPV.pdf\" target=\"_blank\">Projet d&rsquo;arr\u00eat\u00e9 d&rsquo;abrogationt<\/a>&quot; et les &quot;<a href=\"http:\/\/pdf.capenergie.fr\/doc-actu\/rapportarrtabrogationbonificationPV.pdf\" target=\"_blank\">Motifs du Gourvernement Hollande<\/a>&quot;<\/p>\n","protected":false},"excerpt":{"rendered":"<p>Le Conseil Sup\u00e9rieur de L&rsquo;Energie vient de transmettre un projet d&rsquo;arr\u00eat\u00e9 portant sur l&rsquo;abrogation de l&rsquo;arr\u00eat\u00e9 de bonification tarifaire pour les modules fabriqu\u00e9s en Europe (majoration de 5% ou 10% en fonction des composants fabriqu\u00e9 en Europe). Lors du mois de septembre dernier, la Commission Europ\u00e9enne a mis en demeure le Gouvernement Hollande de suprimer&hellip;&nbsp;<a href=\"http:\/\/www.capenergie.fr\/catalogue\/actualite\/projet-portant-abrogation-arrete-bonification-tarifaire-made-in-europe.html\" rel=\"bookmark\"><span class=\"screen-reader-text\">Projet portant abrogation de l&rsquo;arr\u00eat\u00e9 de bonification tarifaire \u00ab\u00a0Made in Europe\u00a0\u00bb<\/span><\/a><\/p>\n","protected":false},"author":1,"featured_media":0,"comment_status":"closed","ping_status":"closed","sticky":false,"template":"","format":"standard","meta":{"neve_meta_sidebar":"","neve_meta_container":"","neve_meta_enable_content_width":"","neve_meta_content_width":0,"neve_meta_title_alignment":"","neve_meta_author_avatar":"","neve_post_elements_order":"","neve_meta_disable_header":"","neve_meta_disable_footer":"","neve_meta_disable_title":"","ngg_post_thumbnail":0,"_themeisle_gutenberg_block_has_review":false,"footnotes":""},"categories":[7],"tags":[],"class_list":["post-1438","post","type-post","status-publish","format-standard","hentry","category-actualite"],"yoast_head":"<!-- This site is optimized with the Yoast SEO plugin v27.5 - https:\/\/yoast.com\/product\/yoast-seo-wordpress\/ -->\n<title>Abrogation de l&#039;arr\u00eat\u00e9 de bonification tarifaire &quot;Made in Europe&quot;<\/title>\n<meta name=\"description\" content=\"Le Conseil Sup\u00e9rieur de L&#039;Energie vient de transmettre un projet d&#039;arr\u00eat\u00e9 portant sur l&#039;abrogation de l&#039;arr\u00eat\u00e9 de bonification tarifaire pour les modules fabriqu\u00e9s en Europe\" \/>\n<meta name=\"robots\" content=\"index, follow, max-snippet:-1, max-image-preview:large, max-video-preview:-1\" \/>\n<link rel=\"canonical\" href=\"http:\/\/www.capenergie.fr\/catalogue\/actualite\/projet-portant-abrogation-arrete-bonification-tarifaire-made-in-europe.html\" \/>\n<meta property=\"og:locale\" content=\"fr_FR\" \/>\n<meta property=\"og:type\" content=\"article\" \/>\n<meta property=\"og:title\" content=\"Abrogation de l&#039;arr\u00eat\u00e9 de bonification tarifaire &quot;Made in Europe&quot;\" \/>\n<meta property=\"og:description\" content=\"Le Conseil Sup\u00e9rieur de L&#039;Energie vient de transmettre un projet d&#039;arr\u00eat\u00e9 portant sur l&#039;abrogation de l&#039;arr\u00eat\u00e9 de bonification tarifaire pour les modules fabriqu\u00e9s en Europe\" \/>\n<meta property=\"og:url\" content=\"http:\/\/www.capenergie.fr\/catalogue\/actualite\/projet-portant-abrogation-arrete-bonification-tarifaire-made-in-europe.html\" \/>\n<meta property=\"article:published_time\" content=\"2014-02-28T10:02:03+00:00\" \/>\n<meta property=\"article:modified_time\" content=\"2014-03-06T09:24:09+00:00\" \/>\n<meta name=\"author\" content=\"CapEnergie\" \/>\n<meta name=\"twitter:label1\" content=\"\u00c9crit par\" \/>\n\t<meta name=\"twitter:data1\" content=\"CapEnergie\" \/>\n\t<meta name=\"twitter:label2\" content=\"Dur\u00e9e de lecture estim\u00e9e\" \/>\n\t<meta name=\"twitter:data2\" content=\"1 minute\" \/>\n<script type=\"application\/ld+json\" class=\"yoast-schema-graph\">{\"@context\":\"https:\\\/\\\/schema.org\",\"@graph\":[{\"@type\":\"Article\",\"@id\":\"http:\\\/\\\/www.capenergie.fr\\\/catalogue\\\/actualite\\\/projet-portant-abrogation-arrete-bonification-tarifaire-made-in-europe.html#article\",\"isPartOf\":{\"@id\":\"http:\\\/\\\/www.capenergie.fr\\\/catalogue\\\/actualite\\\/projet-portant-abrogation-arrete-bonification-tarifaire-made-in-europe.html\"},\"author\":{\"name\":\"CapEnergie\",\"@id\":\"https:\\\/\\\/www.capenergie.fr\\\/catalogue\\\/#\\\/schema\\\/person\\\/c1e5dc0736e73e21ed6f5c42e9165758\"},\"headline\":\"Projet portant abrogation de l&rsquo;arr\u00eat\u00e9 de bonification tarifaire \u00ab\u00a0Made in Europe\u00a0\u00bb\",\"datePublished\":\"2014-02-28T10:02:03+00:00\",\"dateModified\":\"2014-03-06T09:24:09+00:00\",\"mainEntityOfPage\":{\"@id\":\"http:\\\/\\\/www.capenergie.fr\\\/catalogue\\\/actualite\\\/projet-portant-abrogation-arrete-bonification-tarifaire-made-in-europe.html\"},\"wordCount\":325,\"articleSection\":[\"Actualit\u00e9\"],\"inLanguage\":\"fr-FR\"},{\"@type\":\"WebPage\",\"@id\":\"http:\\\/\\\/www.capenergie.fr\\\/catalogue\\\/actualite\\\/projet-portant-abrogation-arrete-bonification-tarifaire-made-in-europe.html\",\"url\":\"http:\\\/\\\/www.capenergie.fr\\\/catalogue\\\/actualite\\\/projet-portant-abrogation-arrete-bonification-tarifaire-made-in-europe.html\",\"name\":\"Abrogation de l'arr\u00eat\u00e9 de bonification tarifaire \\\"Made in Europe\\\"\",\"isPartOf\":{\"@id\":\"https:\\\/\\\/www.capenergie.fr\\\/catalogue\\\/#website\"},\"datePublished\":\"2014-02-28T10:02:03+00:00\",\"dateModified\":\"2014-03-06T09:24:09+00:00\",\"author\":{\"@id\":\"https:\\\/\\\/www.capenergie.fr\\\/catalogue\\\/#\\\/schema\\\/person\\\/c1e5dc0736e73e21ed6f5c42e9165758\"},\"description\":\"Le Conseil Sup\u00e9rieur de L'Energie vient de transmettre un projet d'arr\u00eat\u00e9 portant sur l'abrogation de l'arr\u00eat\u00e9 de bonification tarifaire pour les modules fabriqu\u00e9s en Europe\",\"breadcrumb\":{\"@id\":\"http:\\\/\\\/www.capenergie.fr\\\/catalogue\\\/actualite\\\/projet-portant-abrogation-arrete-bonification-tarifaire-made-in-europe.html#breadcrumb\"},\"inLanguage\":\"fr-FR\",\"potentialAction\":[{\"@type\":\"ReadAction\",\"target\":[\"http:\\\/\\\/www.capenergie.fr\\\/catalogue\\\/actualite\\\/projet-portant-abrogation-arrete-bonification-tarifaire-made-in-europe.html\"]}]},{\"@type\":\"BreadcrumbList\",\"@id\":\"http:\\\/\\\/www.capenergie.fr\\\/catalogue\\\/actualite\\\/projet-portant-abrogation-arrete-bonification-tarifaire-made-in-europe.html#breadcrumb\",\"itemListElement\":[{\"@type\":\"ListItem\",\"position\":1,\"name\":\"Accueil\",\"item\":\"http:\\\/\\\/www.capenergie.fr\\\/catalogue\\\/\"},{\"@type\":\"ListItem\",\"position\":2,\"name\":\"Projet portant abrogation de l&rsquo;arr\u00eat\u00e9 de bonification tarifaire \u00ab\u00a0Made in Europe\u00a0\u00bb\"}]},{\"@type\":\"WebSite\",\"@id\":\"https:\\\/\\\/www.capenergie.fr\\\/catalogue\\\/#website\",\"url\":\"https:\\\/\\\/www.capenergie.fr\\\/catalogue\\\/\",\"name\":\"\",\"description\":\"\",\"potentialAction\":[{\"@type\":\"SearchAction\",\"target\":{\"@type\":\"EntryPoint\",\"urlTemplate\":\"https:\\\/\\\/www.capenergie.fr\\\/catalogue\\\/?s={search_term_string}\"},\"query-input\":{\"@type\":\"PropertyValueSpecification\",\"valueRequired\":true,\"valueName\":\"search_term_string\"}}],\"inLanguage\":\"fr-FR\"},{\"@type\":\"Person\",\"@id\":\"https:\\\/\\\/www.capenergie.fr\\\/catalogue\\\/#\\\/schema\\\/person\\\/c1e5dc0736e73e21ed6f5c42e9165758\",\"name\":\"CapEnergie\",\"image\":{\"@type\":\"ImageObject\",\"inLanguage\":\"fr-FR\",\"@id\":\"https:\\\/\\\/secure.gravatar.com\\\/avatar\\\/e86900fa3e6cfefb8da4bccb0bee500373948df131308c7f77d2a0a51098df2b?s=96&d=mm&r=g\",\"url\":\"https:\\\/\\\/secure.gravatar.com\\\/avatar\\\/e86900fa3e6cfefb8da4bccb0bee500373948df131308c7f77d2a0a51098df2b?s=96&d=mm&r=g\",\"contentUrl\":\"https:\\\/\\\/secure.gravatar.com\\\/avatar\\\/e86900fa3e6cfefb8da4bccb0bee500373948df131308c7f77d2a0a51098df2b?s=96&d=mm&r=g\",\"caption\":\"CapEnergie\"}}]}<\/script>\n<!-- \/ Yoast SEO plugin. -->","yoast_head_json":{"title":"Abrogation de l'arr\u00eat\u00e9 de bonification tarifaire \"Made in Europe\"","description":"Le Conseil Sup\u00e9rieur de L'Energie vient de transmettre un projet d'arr\u00eat\u00e9 portant sur l'abrogation de l'arr\u00eat\u00e9 de bonification tarifaire pour les modules fabriqu\u00e9s en Europe","robots":{"index":"index","follow":"follow","max-snippet":"max-snippet:-1","max-image-preview":"max-image-preview:large","max-video-preview":"max-video-preview:-1"},"canonical":"http:\/\/www.capenergie.fr\/catalogue\/actualite\/projet-portant-abrogation-arrete-bonification-tarifaire-made-in-europe.html","og_locale":"fr_FR","og_type":"article","og_title":"Abrogation de l'arr\u00eat\u00e9 de bonification tarifaire \"Made in Europe\"","og_description":"Le Conseil Sup\u00e9rieur de L'Energie vient de transmettre un projet d'arr\u00eat\u00e9 portant sur l'abrogation de l'arr\u00eat\u00e9 de bonification tarifaire pour les modules fabriqu\u00e9s en Europe","og_url":"http:\/\/www.capenergie.fr\/catalogue\/actualite\/projet-portant-abrogation-arrete-bonification-tarifaire-made-in-europe.html","article_published_time":"2014-02-28T10:02:03+00:00","article_modified_time":"2014-03-06T09:24:09+00:00","author":"CapEnergie","twitter_misc":{"\u00c9crit par":"CapEnergie","Dur\u00e9e de lecture estim\u00e9e":"1 minute"},"schema":{"@context":"https:\/\/schema.org","@graph":[{"@type":"Article","@id":"http:\/\/www.capenergie.fr\/catalogue\/actualite\/projet-portant-abrogation-arrete-bonification-tarifaire-made-in-europe.html#article","isPartOf":{"@id":"http:\/\/www.capenergie.fr\/catalogue\/actualite\/projet-portant-abrogation-arrete-bonification-tarifaire-made-in-europe.html"},"author":{"name":"CapEnergie","@id":"https:\/\/www.capenergie.fr\/catalogue\/#\/schema\/person\/c1e5dc0736e73e21ed6f5c42e9165758"},"headline":"Projet portant abrogation de l&rsquo;arr\u00eat\u00e9 de bonification tarifaire \u00ab\u00a0Made in Europe\u00a0\u00bb","datePublished":"2014-02-28T10:02:03+00:00","dateModified":"2014-03-06T09:24:09+00:00","mainEntityOfPage":{"@id":"http:\/\/www.capenergie.fr\/catalogue\/actualite\/projet-portant-abrogation-arrete-bonification-tarifaire-made-in-europe.html"},"wordCount":325,"articleSection":["Actualit\u00e9"],"inLanguage":"fr-FR"},{"@type":"WebPage","@id":"http:\/\/www.capenergie.fr\/catalogue\/actualite\/projet-portant-abrogation-arrete-bonification-tarifaire-made-in-europe.html","url":"http:\/\/www.capenergie.fr\/catalogue\/actualite\/projet-portant-abrogation-arrete-bonification-tarifaire-made-in-europe.html","name":"Abrogation de l'arr\u00eat\u00e9 de bonification tarifaire \"Made in Europe\"","isPartOf":{"@id":"https:\/\/www.capenergie.fr\/catalogue\/#website"},"datePublished":"2014-02-28T10:02:03+00:00","dateModified":"2014-03-06T09:24:09+00:00","author":{"@id":"https:\/\/www.capenergie.fr\/catalogue\/#\/schema\/person\/c1e5dc0736e73e21ed6f5c42e9165758"},"description":"Le Conseil Sup\u00e9rieur de L'Energie vient de transmettre un projet d'arr\u00eat\u00e9 portant sur l'abrogation de l'arr\u00eat\u00e9 de bonification tarifaire pour les modules fabriqu\u00e9s en Europe","breadcrumb":{"@id":"http:\/\/www.capenergie.fr\/catalogue\/actualite\/projet-portant-abrogation-arrete-bonification-tarifaire-made-in-europe.html#breadcrumb"},"inLanguage":"fr-FR","potentialAction":[{"@type":"ReadAction","target":["http:\/\/www.capenergie.fr\/catalogue\/actualite\/projet-portant-abrogation-arrete-bonification-tarifaire-made-in-europe.html"]}]},{"@type":"BreadcrumbList","@id":"http:\/\/www.capenergie.fr\/catalogue\/actualite\/projet-portant-abrogation-arrete-bonification-tarifaire-made-in-europe.html#breadcrumb","itemListElement":[{"@type":"ListItem","position":1,"name":"Accueil","item":"http:\/\/www.capenergie.fr\/catalogue\/"},{"@type":"ListItem","position":2,"name":"Projet portant abrogation de l&rsquo;arr\u00eat\u00e9 de bonification tarifaire \u00ab\u00a0Made in Europe\u00a0\u00bb"}]},{"@type":"WebSite","@id":"https:\/\/www.capenergie.fr\/catalogue\/#website","url":"https:\/\/www.capenergie.fr\/catalogue\/","name":"","description":"","potentialAction":[{"@type":"SearchAction","target":{"@type":"EntryPoint","urlTemplate":"https:\/\/www.capenergie.fr\/catalogue\/?s={search_term_string}"},"query-input":{"@type":"PropertyValueSpecification","valueRequired":true,"valueName":"search_term_string"}}],"inLanguage":"fr-FR"},{"@type":"Person","@id":"https:\/\/www.capenergie.fr\/catalogue\/#\/schema\/person\/c1e5dc0736e73e21ed6f5c42e9165758","name":"CapEnergie","image":{"@type":"ImageObject","inLanguage":"fr-FR","@id":"https:\/\/secure.gravatar.com\/avatar\/e86900fa3e6cfefb8da4bccb0bee500373948df131308c7f77d2a0a51098df2b?s=96&d=mm&r=g","url":"https:\/\/secure.gravatar.com\/avatar\/e86900fa3e6cfefb8da4bccb0bee500373948df131308c7f77d2a0a51098df2b?s=96&d=mm&r=g","contentUrl":"https:\/\/secure.gravatar.com\/avatar\/e86900fa3e6cfefb8da4bccb0bee500373948df131308c7f77d2a0a51098df2b?s=96&d=mm&r=g","caption":"CapEnergie"}}]}},"_links":{"self":[{"href":"http:\/\/www.capenergie.fr\/catalogue\/wp-json\/wp\/v2\/posts\/1438","targetHints":{"allow":["GET"]}}],"collection":[{"href":"http:\/\/www.capenergie.fr\/catalogue\/wp-json\/wp\/v2\/posts"}],"about":[{"href":"http:\/\/www.capenergie.fr\/catalogue\/wp-json\/wp\/v2\/types\/post"}],"author":[{"embeddable":true,"href":"http:\/\/www.capenergie.fr\/catalogue\/wp-json\/wp\/v2\/users\/1"}],"replies":[{"embeddable":true,"href":"http:\/\/www.capenergie.fr\/catalogue\/wp-json\/wp\/v2\/comments?post=1438"}],"version-history":[{"count":7,"href":"http:\/\/www.capenergie.fr\/catalogue\/wp-json\/wp\/v2\/posts\/1438\/revisions"}],"predecessor-version":[{"id":1450,"href":"http:\/\/www.capenergie.fr\/catalogue\/wp-json\/wp\/v2\/posts\/1438\/revisions\/1450"}],"wp:attachment":[{"href":"http:\/\/www.capenergie.fr\/catalogue\/wp-json\/wp\/v2\/media?parent=1438"}],"wp:term":[{"taxonomy":"category","embeddable":true,"href":"http:\/\/www.capenergie.fr\/catalogue\/wp-json\/wp\/v2\/categories?post=1438"},{"taxonomy":"post_tag","embeddable":true,"href":"http:\/\/www.capenergie.fr\/catalogue\/wp-json\/wp\/v2\/tags?post=1438"}],"curies":[{"name":"wp","href":"https:\/\/api.w.org\/{rel}","templated":true}]}}