{"id":1244,"date":"2013-06-11T09:52:04","date_gmt":"2013-06-11T07:52:04","guid":{"rendered":"http:\/\/www.capenergie.fr\/catalogue\/?p=1244"},"modified":"2013-06-17T12:30:29","modified_gmt":"2013-06-17T10:30:29","slug":"cafe-climat-petit-eolien-a-montpellier","status":"publish","type":"post","link":"http:\/\/www.capenergie.fr\/catalogue\/actualite\/cafe-climat-petit-eolien-a-montpellier.html","title":{"rendered":"Caf\u00e9 Climat petit \u00e9olien \u00e0 Montpellier"},"content":{"rendered":"<p><strong>Un caf\u00e9 Climat est organis\u00e9 dans les locaux de l&rsquo;Agence Locale de l&rsquo;Energie de Montpellier le 11 juin 2013 de 18h00 \u00e0 20h00 sur le petit \u00e9olien<\/strong>.<br \/>\nLe th\u00e8me principale de ce Caf\u00e9 Climat concernera les \u00e9oliennes de Pignon \u00ab Bonne ou mauvaise id\u00e9e, cas des \u00e9oliennes dites de pignon \u00bb. Sebastien Weibel, membre de l&rsquo;association C\u00e9mater et directeur g\u00e9n\u00e9rale de la Soci\u00e9t\u00e9 Cap Energie interviendra sur ce sujet lors de cette manifestion.<br \/>\nRendez-vous ce mardi soir d\u00e8s 18h30 :<br \/>\nAgence Locale de l&rsquo;Energie Montpellier, 2, place Paul Bec, 34000 Montpellier<\/p>\n<p><a href=\"http:\/\/pdf.capenergie.fr\/doc-actu\/cafe-climat-2013-06.pdf\" target=\"_blank\">Compte rendu du Caf\u00e9 Climat du 11 juin 2013 sur les \u00e9oliennes de Pignon<\/a><\/p>\n","protected":false},"excerpt":{"rendered":"<p>Un caf\u00e9 Climat est organis\u00e9 dans les locaux de l&rsquo;Agence Locale de l&rsquo;Energie de Montpellier le 11 juin 2013 de 18h00 \u00e0 20h00 sur le petit \u00e9olien. Le th\u00e8me principale de ce Caf\u00e9 Climat concernera les \u00e9oliennes de Pignon \u00ab Bonne ou mauvaise id\u00e9e, cas des \u00e9oliennes dites de pignon \u00bb. Sebastien Weibel, membre de&hellip;&nbsp;<a href=\"http:\/\/www.capenergie.fr\/catalogue\/actualite\/cafe-climat-petit-eolien-a-montpellier.html\" rel=\"bookmark\"><span class=\"screen-reader-text\">Caf\u00e9 Climat petit \u00e9olien \u00e0 Montpellier<\/span><\/a><\/p>\n","protected":false},"author":1,"featured_media":0,"comment_status":"closed","ping_status":"closed","sticky":false,"template":"","format":"standard","meta":{"neve_meta_sidebar":"","neve_meta_container":"","neve_meta_enable_content_width":"","neve_meta_content_width":0,"neve_meta_title_alignment":"","neve_meta_author_avatar":"","neve_post_elements_order":"","neve_meta_disable_header":"","neve_meta_disable_footer":"","neve_meta_disable_title":"","ngg_post_thumbnail":0,"_themeisle_gutenberg_block_has_review":false,"footnotes":""},"categories":[7],"tags":[],"class_list":["post-1244","post","type-post","status-publish","format-standard","hentry","category-actualite"],"yoast_head":"<!-- This site is optimized with the Yoast SEO plugin v27.5 - https:\/\/yoast.com\/product\/yoast-seo-wordpress\/ -->\n<title>Caf\u00e9 Climat petit \u00e9olien \u00e0 Montpellier 2013<\/title>\n<meta name=\"description\" content=\"Un caf\u00e9 Climat est organis\u00e9 dans les locaux de l&#039;agence locale de l&#039;energie de Montpellier le 11 juin 2013 de 18h00 \u00e0 20h00 sur le petit \u00e9olien. Le th\u00e8me principale de ce Caf\u00e9 Climat\" \/>\n<meta name=\"robots\" content=\"index, follow, max-snippet:-1, max-image-preview:large, max-video-preview:-1\" \/>\n<link rel=\"canonical\" href=\"http:\/\/www.capenergie.fr\/catalogue\/actualite\/cafe-climat-petit-eolien-a-montpellier.html\" \/>\n<meta property=\"og:locale\" content=\"fr_FR\" \/>\n<meta property=\"og:type\" content=\"article\" \/>\n<meta property=\"og:title\" content=\"Caf\u00e9 Climat petit \u00e9olien \u00e0 Montpellier 2013\" \/>\n<meta property=\"og:description\" content=\"Un caf\u00e9 Climat est organis\u00e9 dans les locaux de l&#039;agence locale de l&#039;energie de Montpellier le 11 juin 2013 de 18h00 \u00e0 20h00 sur le petit \u00e9olien. Le th\u00e8me principale de ce Caf\u00e9 Climat\" \/>\n<meta property=\"og:url\" content=\"http:\/\/www.capenergie.fr\/catalogue\/actualite\/cafe-climat-petit-eolien-a-montpellier.html\" \/>\n<meta property=\"article:published_time\" content=\"2013-06-11T07:52:04+00:00\" \/>\n<meta property=\"article:modified_time\" content=\"2013-06-17T10:30:29+00:00\" \/>\n<meta name=\"author\" content=\"CapEnergie\" \/>\n<meta name=\"twitter:label1\" content=\"\u00c9crit par\" \/>\n\t<meta name=\"twitter:data1\" content=\"CapEnergie\" \/>\n\t<meta name=\"twitter:label2\" content=\"Dur\u00e9e de lecture estim\u00e9e\" \/>\n\t<meta name=\"twitter:data2\" content=\"1 minute\" \/>\n<script type=\"application\/ld+json\" class=\"yoast-schema-graph\">{\"@context\":\"https:\\\/\\\/schema.org\",\"@graph\":[{\"@type\":\"Article\",\"@id\":\"http:\\\/\\\/www.capenergie.fr\\\/catalogue\\\/actualite\\\/cafe-climat-petit-eolien-a-montpellier.html#article\",\"isPartOf\":{\"@id\":\"http:\\\/\\\/www.capenergie.fr\\\/catalogue\\\/actualite\\\/cafe-climat-petit-eolien-a-montpellier.html\"},\"author\":{\"name\":\"CapEnergie\",\"@id\":\"https:\\\/\\\/www.capenergie.fr\\\/catalogue\\\/#\\\/schema\\\/person\\\/c1e5dc0736e73e21ed6f5c42e9165758\"},\"headline\":\"Caf\u00e9 Climat petit \u00e9olien \u00e0 Montpellier\",\"datePublished\":\"2013-06-11T07:52:04+00:00\",\"dateModified\":\"2013-06-17T10:30:29+00:00\",\"mainEntityOfPage\":{\"@id\":\"http:\\\/\\\/www.capenergie.fr\\\/catalogue\\\/actualite\\\/cafe-climat-petit-eolien-a-montpellier.html\"},\"wordCount\":111,\"articleSection\":[\"Actualit\u00e9\"],\"inLanguage\":\"fr-FR\"},{\"@type\":\"WebPage\",\"@id\":\"http:\\\/\\\/www.capenergie.fr\\\/catalogue\\\/actualite\\\/cafe-climat-petit-eolien-a-montpellier.html\",\"url\":\"http:\\\/\\\/www.capenergie.fr\\\/catalogue\\\/actualite\\\/cafe-climat-petit-eolien-a-montpellier.html\",\"name\":\"Caf\u00e9 Climat petit \u00e9olien \u00e0 Montpellier 2013\",\"isPartOf\":{\"@id\":\"https:\\\/\\\/www.capenergie.fr\\\/catalogue\\\/#website\"},\"datePublished\":\"2013-06-11T07:52:04+00:00\",\"dateModified\":\"2013-06-17T10:30:29+00:00\",\"author\":{\"@id\":\"https:\\\/\\\/www.capenergie.fr\\\/catalogue\\\/#\\\/schema\\\/person\\\/c1e5dc0736e73e21ed6f5c42e9165758\"},\"description\":\"Un caf\u00e9 Climat est organis\u00e9 dans les locaux de l'agence locale de l'energie de Montpellier le 11 juin 2013 de 18h00 \u00e0 20h00 sur le petit \u00e9olien. Le th\u00e8me principale de ce Caf\u00e9 Climat\",\"breadcrumb\":{\"@id\":\"http:\\\/\\\/www.capenergie.fr\\\/catalogue\\\/actualite\\\/cafe-climat-petit-eolien-a-montpellier.html#breadcrumb\"},\"inLanguage\":\"fr-FR\",\"potentialAction\":[{\"@type\":\"ReadAction\",\"target\":[\"http:\\\/\\\/www.capenergie.fr\\\/catalogue\\\/actualite\\\/cafe-climat-petit-eolien-a-montpellier.html\"]}]},{\"@type\":\"BreadcrumbList\",\"@id\":\"http:\\\/\\\/www.capenergie.fr\\\/catalogue\\\/actualite\\\/cafe-climat-petit-eolien-a-montpellier.html#breadcrumb\",\"itemListElement\":[{\"@type\":\"ListItem\",\"position\":1,\"name\":\"Accueil\",\"item\":\"http:\\\/\\\/www.capenergie.fr\\\/catalogue\\\/\"},{\"@type\":\"ListItem\",\"position\":2,\"name\":\"Caf\u00e9 Climat petit \u00e9olien \u00e0 Montpellier\"}]},{\"@type\":\"WebSite\",\"@id\":\"https:\\\/\\\/www.capenergie.fr\\\/catalogue\\\/#website\",\"url\":\"https:\\\/\\\/www.capenergie.fr\\\/catalogue\\\/\",\"name\":\"\",\"description\":\"\",\"potentialAction\":[{\"@type\":\"SearchAction\",\"target\":{\"@type\":\"EntryPoint\",\"urlTemplate\":\"https:\\\/\\\/www.capenergie.fr\\\/catalogue\\\/?s={search_term_string}\"},\"query-input\":{\"@type\":\"PropertyValueSpecification\",\"valueRequired\":true,\"valueName\":\"search_term_string\"}}],\"inLanguage\":\"fr-FR\"},{\"@type\":\"Person\",\"@id\":\"https:\\\/\\\/www.capenergie.fr\\\/catalogue\\\/#\\\/schema\\\/person\\\/c1e5dc0736e73e21ed6f5c42e9165758\",\"name\":\"CapEnergie\",\"image\":{\"@type\":\"ImageObject\",\"inLanguage\":\"fr-FR\",\"@id\":\"https:\\\/\\\/secure.gravatar.com\\\/avatar\\\/e86900fa3e6cfefb8da4bccb0bee500373948df131308c7f77d2a0a51098df2b?s=96&d=mm&r=g\",\"url\":\"https:\\\/\\\/secure.gravatar.com\\\/avatar\\\/e86900fa3e6cfefb8da4bccb0bee500373948df131308c7f77d2a0a51098df2b?s=96&d=mm&r=g\",\"contentUrl\":\"https:\\\/\\\/secure.gravatar.com\\\/avatar\\\/e86900fa3e6cfefb8da4bccb0bee500373948df131308c7f77d2a0a51098df2b?s=96&d=mm&r=g\",\"caption\":\"CapEnergie\"}}]}<\/script>\n<!-- \/ Yoast SEO plugin. -->","yoast_head_json":{"title":"Caf\u00e9 Climat petit \u00e9olien \u00e0 Montpellier 2013","description":"Un caf\u00e9 Climat est organis\u00e9 dans les locaux de l'agence locale de l'energie de Montpellier le 11 juin 2013 de 18h00 \u00e0 20h00 sur le petit \u00e9olien. Le th\u00e8me principale de ce Caf\u00e9 Climat","robots":{"index":"index","follow":"follow","max-snippet":"max-snippet:-1","max-image-preview":"max-image-preview:large","max-video-preview":"max-video-preview:-1"},"canonical":"http:\/\/www.capenergie.fr\/catalogue\/actualite\/cafe-climat-petit-eolien-a-montpellier.html","og_locale":"fr_FR","og_type":"article","og_title":"Caf\u00e9 Climat petit \u00e9olien \u00e0 Montpellier 2013","og_description":"Un caf\u00e9 Climat est organis\u00e9 dans les locaux de l'agence locale de l'energie de Montpellier le 11 juin 2013 de 18h00 \u00e0 20h00 sur le petit \u00e9olien. Le th\u00e8me principale de ce Caf\u00e9 Climat","og_url":"http:\/\/www.capenergie.fr\/catalogue\/actualite\/cafe-climat-petit-eolien-a-montpellier.html","article_published_time":"2013-06-11T07:52:04+00:00","article_modified_time":"2013-06-17T10:30:29+00:00","author":"CapEnergie","twitter_misc":{"\u00c9crit par":"CapEnergie","Dur\u00e9e de lecture estim\u00e9e":"1 minute"},"schema":{"@context":"https:\/\/schema.org","@graph":[{"@type":"Article","@id":"http:\/\/www.capenergie.fr\/catalogue\/actualite\/cafe-climat-petit-eolien-a-montpellier.html#article","isPartOf":{"@id":"http:\/\/www.capenergie.fr\/catalogue\/actualite\/cafe-climat-petit-eolien-a-montpellier.html"},"author":{"name":"CapEnergie","@id":"https:\/\/www.capenergie.fr\/catalogue\/#\/schema\/person\/c1e5dc0736e73e21ed6f5c42e9165758"},"headline":"Caf\u00e9 Climat petit \u00e9olien \u00e0 Montpellier","datePublished":"2013-06-11T07:52:04+00:00","dateModified":"2013-06-17T10:30:29+00:00","mainEntityOfPage":{"@id":"http:\/\/www.capenergie.fr\/catalogue\/actualite\/cafe-climat-petit-eolien-a-montpellier.html"},"wordCount":111,"articleSection":["Actualit\u00e9"],"inLanguage":"fr-FR"},{"@type":"WebPage","@id":"http:\/\/www.capenergie.fr\/catalogue\/actualite\/cafe-climat-petit-eolien-a-montpellier.html","url":"http:\/\/www.capenergie.fr\/catalogue\/actualite\/cafe-climat-petit-eolien-a-montpellier.html","name":"Caf\u00e9 Climat petit \u00e9olien \u00e0 Montpellier 2013","isPartOf":{"@id":"https:\/\/www.capenergie.fr\/catalogue\/#website"},"datePublished":"2013-06-11T07:52:04+00:00","dateModified":"2013-06-17T10:30:29+00:00","author":{"@id":"https:\/\/www.capenergie.fr\/catalogue\/#\/schema\/person\/c1e5dc0736e73e21ed6f5c42e9165758"},"description":"Un caf\u00e9 Climat est organis\u00e9 dans les locaux de l'agence locale de l'energie de Montpellier le 11 juin 2013 de 18h00 \u00e0 20h00 sur le petit \u00e9olien. Le th\u00e8me principale de ce Caf\u00e9 Climat","breadcrumb":{"@id":"http:\/\/www.capenergie.fr\/catalogue\/actualite\/cafe-climat-petit-eolien-a-montpellier.html#breadcrumb"},"inLanguage":"fr-FR","potentialAction":[{"@type":"ReadAction","target":["http:\/\/www.capenergie.fr\/catalogue\/actualite\/cafe-climat-petit-eolien-a-montpellier.html"]}]},{"@type":"BreadcrumbList","@id":"http:\/\/www.capenergie.fr\/catalogue\/actualite\/cafe-climat-petit-eolien-a-montpellier.html#breadcrumb","itemListElement":[{"@type":"ListItem","position":1,"name":"Accueil","item":"http:\/\/www.capenergie.fr\/catalogue\/"},{"@type":"ListItem","position":2,"name":"Caf\u00e9 Climat petit \u00e9olien \u00e0 Montpellier"}]},{"@type":"WebSite","@id":"https:\/\/www.capenergie.fr\/catalogue\/#website","url":"https:\/\/www.capenergie.fr\/catalogue\/","name":"","description":"","potentialAction":[{"@type":"SearchAction","target":{"@type":"EntryPoint","urlTemplate":"https:\/\/www.capenergie.fr\/catalogue\/?s={search_term_string}"},"query-input":{"@type":"PropertyValueSpecification","valueRequired":true,"valueName":"search_term_string"}}],"inLanguage":"fr-FR"},{"@type":"Person","@id":"https:\/\/www.capenergie.fr\/catalogue\/#\/schema\/person\/c1e5dc0736e73e21ed6f5c42e9165758","name":"CapEnergie","image":{"@type":"ImageObject","inLanguage":"fr-FR","@id":"https:\/\/secure.gravatar.com\/avatar\/e86900fa3e6cfefb8da4bccb0bee500373948df131308c7f77d2a0a51098df2b?s=96&d=mm&r=g","url":"https:\/\/secure.gravatar.com\/avatar\/e86900fa3e6cfefb8da4bccb0bee500373948df131308c7f77d2a0a51098df2b?s=96&d=mm&r=g","contentUrl":"https:\/\/secure.gravatar.com\/avatar\/e86900fa3e6cfefb8da4bccb0bee500373948df131308c7f77d2a0a51098df2b?s=96&d=mm&r=g","caption":"CapEnergie"}}]}},"_links":{"self":[{"href":"http:\/\/www.capenergie.fr\/catalogue\/wp-json\/wp\/v2\/posts\/1244","targetHints":{"allow":["GET"]}}],"collection":[{"href":"http:\/\/www.capenergie.fr\/catalogue\/wp-json\/wp\/v2\/posts"}],"about":[{"href":"http:\/\/www.capenergie.fr\/catalogue\/wp-json\/wp\/v2\/types\/post"}],"author":[{"embeddable":true,"href":"http:\/\/www.capenergie.fr\/catalogue\/wp-json\/wp\/v2\/users\/1"}],"replies":[{"embeddable":true,"href":"http:\/\/www.capenergie.fr\/catalogue\/wp-json\/wp\/v2\/comments?post=1244"}],"version-history":[{"count":3,"href":"http:\/\/www.capenergie.fr\/catalogue\/wp-json\/wp\/v2\/posts\/1244\/revisions"}],"predecessor-version":[{"id":1248,"href":"http:\/\/www.capenergie.fr\/catalogue\/wp-json\/wp\/v2\/posts\/1244\/revisions\/1248"}],"wp:attachment":[{"href":"http:\/\/www.capenergie.fr\/catalogue\/wp-json\/wp\/v2\/media?parent=1244"}],"wp:term":[{"taxonomy":"category","embeddable":true,"href":"http:\/\/www.capenergie.fr\/catalogue\/wp-json\/wp\/v2\/categories?post=1244"},{"taxonomy":"post_tag","embeddable":true,"href":"http:\/\/www.capenergie.fr\/catalogue\/wp-json\/wp\/v2\/tags?post=1244"}],"curies":[{"name":"wp","href":"https:\/\/api.w.org\/{rel}","templated":true}]}}